{"id":4387,"date":"2025-05-06T13:43:39","date_gmt":"2025-05-06T13:43:39","guid":{"rendered":"https:\/\/ecomuseu-corvo.cultura.azores.gov.pt\/?p=4387"},"modified":"2025-05-07T16:23:54","modified_gmt":"2025-05-07T16:23:54","slug":"da-sombra-ao-cravo-o-25-de-abril-pelos-olhos-do-patrimonio-cultural","status":"publish","type":"post","link":"https:\/\/ecomuseu-corvo.cultura.azores.gov.pt\/en\/2025\/05\/06\/da-sombra-ao-cravo-o-25-de-abril-pelos-olhos-do-patrimonio-cultural\/","title":{"rendered":"Apresenta\u00e7\u00e3o aos alunos do Corvo do projeto digital &#8220;Da Sombra ao Cravo &#8211; O 25 de Abril pelos Olhos do Patrim\u00f3nio Cultural&#8221;"},"content":{"rendered":"<p>No dia 5 de maio foi apresentado, no Multiusos do Corvo, o projeto digital &#8220;Da Sombra ao Cravo &#8211; O 25 de Abril pelos Olhos do Patrim\u00f3nio Cultural&#8221;.<br>Esta iniciativa, que compreende uma aplica\u00e7\u00e3o para telem\u00f3vel e uma publica\u00e7\u00e3o em formato digital, dispon\u00edveis no portal Cultura A\u00e7ores, constitui um recurso educativo n\u00e3o formal e pretende, atrav\u00e9s de uma sele\u00e7\u00e3o de pe\u00e7as e documentos, nem sempre acess\u00edveis ao p\u00fablico, pertencentes aos Servi\u00e7os de Promo\u00e7\u00e3o Cultural (oito museus, um ecomuseu, tr\u00eas bibliotecas e arquivos regionais, um centro de artes), contar a Hist\u00f3ria dos principais acontecimentos pol\u00edticos do s\u00e9culo XX, que conduziram ao 25 de Abril.<br>No \u00e2mbito desta apresenta\u00e7\u00e3o o Ecomuseu do Corvo, em parceria com o professor Rafael Claro, docente de Hist\u00f3ria da EBS Mouzinho da Silveira, dinamizou uma aula, dirigida aos alunos do Ensino Secund\u00e1rio, os quais puderam compreender no que consiste, como funciona e o que engloba este projeto, que visa sensibilizar os jovens dos A\u00e7ores para os acontecimentos de Abril, mas tamb\u00e9m alertar para a extrema relev\u00e2ncia do patrim\u00f3nio cultural que, atrav\u00e9s de uma sele\u00e7\u00e3o de pe\u00e7as e objetos, permite interpretar acontecimentos relevantes da Hist\u00f3ria de Portugal, associados \u00e0 Revolu\u00e7\u00e3o do 25 de Abril.<br>Os alunos tiveram a oportunidade de explorar os conte\u00fados digitais deste projeto, onde conheceram os seus variados temas e pe\u00e7as, debru\u00e7ando-se em espec\u00edfico na tem\u00e1tica &#8220;Deus, P\u00e1tria e Mulher&#8221; e na figura de Nat\u00e1lia Correia.<br>Ainda neste contexto foram-lhes transmitidas informa\u00e7\u00f5es sobre o tear da ilha do Corvo e, posteriormente, sobre a pe\u00e7a do Corvo que integra este projeto digital, um r\u00e1dio antigo.<br>Esta apresenta\u00e7\u00e3o terminou com um pequeno momento de reflex\u00e3o, onde os alunos e professores responderam anonimamente \u00e0 pergunta: \u201cO que \u00e9 o 25 de Abril para ti?&#8221;, cujas respostas guardaram para posterior debate.<\/p>\n\n\n\n<p>Deixamos um especial agradecimento ao docente Rafael Claro, pela disponibilidade e interesse em estabelecer esta parceria e um muito obrigado tamb\u00e9m a todos os alunos participantes e a todos os professores que os acompanharam.<\/p>\n\n\n\n<p>Projeto digital:<img loading=\"lazy\" decoding=\"async\" height=\"16\" width=\"16\" src=\"https:\/\/static.xx.fbcdn.net\/images\/emoji.php\/v9\/t4f\/1\/16\/1f447.png\" alt=\"\ud83d\udc47\"><\/p>\n\n\n\n<p><a href=\"https:\/\/www.zoomguide.app\/attraction\/76...\">https:\/\/www.zoomguide.app\/attraction\/76&#8230;<\/a><\/p>\n\n\n\n<p>Cat\u00e1logo Digital:<img loading=\"lazy\" decoding=\"async\" height=\"16\" width=\"16\" alt=\"\ud83d\udc47\" src=\"https:\/\/static.xx.fbcdn.net\/images\/emoji.php\/v9\/t4f\/1\/16\/1f447.png\"><\/p>\n\n\n\n<p><a href=\"http:\/\/www.culturacores.azores.gov.pt\/ficheiros\/agenda\/202516153246.pdf?fbclid=IwZXh0bgNhZW0CMTAAYnJpZBEwdTZ1RzNONWppRHJzZHE2cwEethNiLF1kdvmpSeO7h3WOpIS2kGf8HBgKS141oX4p6q-OnyQsq8UUfK_G2Ek_aem__bZk96buXmFZokVkuUeolw\" rel=\"noreferrer noopener\" target=\"_blank\">http:\/\/www.culturacores.azores.gov.pt\/&#8230;\/202516153246.pdf<\/a><\/p>\n\n\n\n<figure class=\"wp-block-image size-large\"><img loading=\"lazy\" decoding=\"async\" width=\"1024\" height=\"768\" src=\"https:\/\/ecomuseu-corvo.cultura.azores.gov.pt\/wp-content\/uploads\/2025\/05\/2-1024x768.jpg\" alt=\"\" class=\"wp-image-4388\" srcset=\"https:\/\/ecomuseu-corvo.cultura.azores.gov.pt\/wp-content\/uploads\/2025\/05\/2-1024x768.jpg 1024w, https:\/\/ecomuseu-corvo.cultura.azores.gov.pt\/wp-content\/uploads\/2025\/05\/2-300x225.jpg 300w, https:\/\/ecomuseu-corvo.cultura.azores.gov.pt\/wp-content\/uploads\/2025\/05\/2-768x576.jpg 768w, https:\/\/ecomuseu-corvo.cultura.azores.gov.pt\/wp-content\/uploads\/2025\/05\/2-1536x1152.jpg 1536w, https:\/\/ecomuseu-corvo.cultura.azores.gov.pt\/wp-content\/uploads\/2025\/05\/2-16x12.jpg 16w, https:\/\/ecomuseu-corvo.cultura.azores.gov.pt\/wp-content\/uploads\/2025\/05\/2-1200x900.jpg 1200w, https:\/\/ecomuseu-corvo.cultura.azores.gov.pt\/wp-content\/uploads\/2025\/05\/2.jpg 1600w\" sizes=\"auto, (max-width: 1024px) 100vw, 1024px\" \/><\/figure>\n\n\n\n<figure class=\"wp-block-gallery has-nested-images columns-default is-cropped wp-block-gallery-1 is-layout-flex wp-block-gallery-is-layout-flex\">\n<figure class=\"wp-block-image size-large\"><img loading=\"lazy\" decoding=\"async\" width=\"768\" height=\"1024\" data-id=\"4390\" src=\"https:\/\/ecomuseu-corvo.cultura.azores.gov.pt\/wp-content\/uploads\/2025\/05\/1-768x1024.jpg\" alt=\"\" class=\"wp-image-4390\" srcset=\"https:\/\/ecomuseu-corvo.cultura.azores.gov.pt\/wp-content\/uploads\/2025\/05\/1-768x1024.jpg 768w, https:\/\/ecomuseu-corvo.cultura.azores.gov.pt\/wp-content\/uploads\/2025\/05\/1-225x300.jpg 225w, https:\/\/ecomuseu-corvo.cultura.azores.gov.pt\/wp-content\/uploads\/2025\/05\/1-1152x1536.jpg 1152w, https:\/\/ecomuseu-corvo.cultura.azores.gov.pt\/wp-content\/uploads\/2025\/05\/1-9x12.jpg 9w, https:\/\/ecomuseu-corvo.cultura.azores.gov.pt\/wp-content\/uploads\/2025\/05\/1-1200x1600.jpg 1200w, https:\/\/ecomuseu-corvo.cultura.azores.gov.pt\/wp-content\/uploads\/2025\/05\/1.jpg 1536w\" sizes=\"auto, (max-width: 768px) 100vw, 768px\" \/><\/figure>\n\n\n\n<figure class=\"wp-block-image size-large\"><img loading=\"lazy\" decoding=\"async\" width=\"1024\" height=\"768\" data-id=\"4391\" src=\"https:\/\/ecomuseu-corvo.cultura.azores.gov.pt\/wp-content\/uploads\/2025\/05\/3-1024x768.jpg\" alt=\"\" class=\"wp-image-4391\" srcset=\"https:\/\/ecomuseu-corvo.cultura.azores.gov.pt\/wp-content\/uploads\/2025\/05\/3-1024x768.jpg 1024w, https:\/\/ecomuseu-corvo.cultura.azores.gov.pt\/wp-content\/uploads\/2025\/05\/3-300x225.jpg 300w, https:\/\/ecomuseu-corvo.cultura.azores.gov.pt\/wp-content\/uploads\/2025\/05\/3-768x576.jpg 768w, https:\/\/ecomuseu-corvo.cultura.azores.gov.pt\/wp-content\/uploads\/2025\/05\/3-1536x1152.jpg 1536w, https:\/\/ecomuseu-corvo.cultura.azores.gov.pt\/wp-content\/uploads\/2025\/05\/3-16x12.jpg 16w, https:\/\/ecomuseu-corvo.cultura.azores.gov.pt\/wp-content\/uploads\/2025\/05\/3-1200x900.jpg 1200w, https:\/\/ecomuseu-corvo.cultura.azores.gov.pt\/wp-content\/uploads\/2025\/05\/3.jpg 1600w\" sizes=\"auto, (max-width: 1024px) 100vw, 1024px\" \/><\/figure>\n\n\n\n<figure class=\"wp-block-image size-large\"><img loading=\"lazy\" decoding=\"async\" width=\"768\" height=\"1024\" data-id=\"4393\" src=\"https:\/\/ecomuseu-corvo.cultura.azores.gov.pt\/wp-content\/uploads\/2025\/05\/5-1-768x1024.jpg\" alt=\"\" class=\"wp-image-4393\" srcset=\"https:\/\/ecomuseu-corvo.cultura.azores.gov.pt\/wp-content\/uploads\/2025\/05\/5-1-768x1024.jpg 768w, https:\/\/ecomuseu-corvo.cultura.azores.gov.pt\/wp-content\/uploads\/2025\/05\/5-1-225x300.jpg 225w, https:\/\/ecomuseu-corvo.cultura.azores.gov.pt\/wp-content\/uploads\/2025\/05\/5-1-1152x1536.jpg 1152w, https:\/\/ecomuseu-corvo.cultura.azores.gov.pt\/wp-content\/uploads\/2025\/05\/5-1-9x12.jpg 9w, https:\/\/ecomuseu-corvo.cultura.azores.gov.pt\/wp-content\/uploads\/2025\/05\/5-1-1200x1600.jpg 1200w, https:\/\/ecomuseu-corvo.cultura.azores.gov.pt\/wp-content\/uploads\/2025\/05\/5-1.jpg 1536w\" sizes=\"auto, (max-width: 768px) 100vw, 768px\" \/><\/figure>\n<\/figure>\n\n\n\n<figure class=\"wp-block-image size-large\"><img loading=\"lazy\" decoding=\"async\" width=\"1024\" height=\"768\" src=\"https:\/\/ecomuseu-corvo.cultura.azores.gov.pt\/wp-content\/uploads\/2025\/05\/6-1024x768.jpg\" alt=\"\" class=\"wp-image-4394\" srcset=\"https:\/\/ecomuseu-corvo.cultura.azores.gov.pt\/wp-content\/uploads\/2025\/05\/6-1024x768.jpg 1024w, https:\/\/ecomuseu-corvo.cultura.azores.gov.pt\/wp-content\/uploads\/2025\/05\/6-300x225.jpg 300w, https:\/\/ecomuseu-corvo.cultura.azores.gov.pt\/wp-content\/uploads\/2025\/05\/6-768x576.jpg 768w, https:\/\/ecomuseu-corvo.cultura.azores.gov.pt\/wp-content\/uploads\/2025\/05\/6-1536x1152.jpg 1536w, https:\/\/ecomuseu-corvo.cultura.azores.gov.pt\/wp-content\/uploads\/2025\/05\/6-16x12.jpg 16w, https:\/\/ecomuseu-corvo.cultura.azores.gov.pt\/wp-content\/uploads\/2025\/05\/6-1200x900.jpg 1200w, https:\/\/ecomuseu-corvo.cultura.azores.gov.pt\/wp-content\/uploads\/2025\/05\/6.jpg 1600w\" sizes=\"auto, (max-width: 1024px) 100vw, 1024px\" \/><\/figure>","protected":false},"excerpt":{"rendered":"<p>No dia 5 de maio foi apresentado, no Multiusos do Corvo, o projeto digital &#8220;Da Sombra ao Cravo &#8211; O 25 de Abril pelos Olhos do Patrim\u00f3nio Cultural&#8221;.Esta iniciativa, que [&hellip;]<\/p>\n","protected":false},"author":3,"featured_media":4392,"comment_status":"open","ping_status":"open","sticky":false,"template":"","format":"standard","meta":{"footnotes":""},"categories":[13],"tags":[],"class_list":["post-4387","post","type-post","status-publish","format-standard","has-post-thumbnail","hentry","category-uncategorized"],"_links":{"self":[{"href":"https:\/\/ecomuseu-corvo.cultura.azores.gov.pt\/en\/wp-json\/wp\/v2\/posts\/4387","targetHints":{"allow":["GET"]}}],"collection":[{"href":"https:\/\/ecomuseu-corvo.cultura.azores.gov.pt\/en\/wp-json\/wp\/v2\/posts"}],"about":[{"href":"https:\/\/ecomuseu-corvo.cultura.azores.gov.pt\/en\/wp-json\/wp\/v2\/types\/post"}],"author":[{"embeddable":true,"href":"https:\/\/ecomuseu-corvo.cultura.azores.gov.pt\/en\/wp-json\/wp\/v2\/users\/3"}],"replies":[{"embeddable":true,"href":"https:\/\/ecomuseu-corvo.cultura.azores.gov.pt\/en\/wp-json\/wp\/v2\/comments?post=4387"}],"version-history":[{"count":4,"href":"https:\/\/ecomuseu-corvo.cultura.azores.gov.pt\/en\/wp-json\/wp\/v2\/posts\/4387\/revisions"}],"predecessor-version":[{"id":4402,"href":"https:\/\/ecomuseu-corvo.cultura.azores.gov.pt\/en\/wp-json\/wp\/v2\/posts\/4387\/revisions\/4402"}],"wp:featuredmedia":[{"embeddable":true,"href":"https:\/\/ecomuseu-corvo.cultura.azores.gov.pt\/en\/wp-json\/wp\/v2\/media\/4392"}],"wp:attachment":[{"href":"https:\/\/ecomuseu-corvo.cultura.azores.gov.pt\/en\/wp-json\/wp\/v2\/media?parent=4387"}],"wp:term":[{"taxonomy":"category","embeddable":true,"href":"https:\/\/ecomuseu-corvo.cultura.azores.gov.pt\/en\/wp-json\/wp\/v2\/categories?post=4387"},{"taxonomy":"post_tag","embeddable":true,"href":"https:\/\/ecomuseu-corvo.cultura.azores.gov.pt\/en\/wp-json\/wp\/v2\/tags?post=4387"}],"curies":[{"name":"wp","href":"https:\/\/api.w.org\/{rel}","templated":true}]}}