{"id":4340,"date":"2025-04-16T15:11:46","date_gmt":"2025-04-16T15:11:46","guid":{"rendered":"https:\/\/ecomuseu-corvo.cultura.azores.gov.pt\/?p=4340"},"modified":"2025-04-16T15:11:46","modified_gmt":"2025-04-16T15:11:46","slug":"140-o-aniversario-do-corvino-carlos-jorge-nascimento","status":"publish","type":"post","link":"https:\/\/ecomuseu-corvo.cultura.azores.gov.pt\/en\/2025\/04\/16\/140-o-aniversario-do-corvino-carlos-jorge-nascimento\/","title":{"rendered":"140.\u00ba anivers\u00e1rio do Corvino Carlos Jorge Nascimento"},"content":{"rendered":"<p>No pr\u00f3ximo dia 18 de abril, pelas 15:30, na Casa do Tempo, o Ecomuseu do Corvo presta homenagem ao Corvino Carlos Jorge Nascimento, no seu 140.\u00ba anivers\u00e1rio, com uma <a><\/a>mostra bibliogr\u00e1fica e com a exibi\u00e7\u00e3o do filme \u201cO Livreiro de Santiago\u201d.<\/p>\n\n\n\n<p>Manuel Carlos Jorge Nascimento nasceu na Ilha do Corvo, a 18 de abril de 1885. Aos 20 anos partiu, primeiro para os Estados Unidos da Am\u00e9rica e da\u00ed para o Chile, para se encontrar com o seu tio Jo\u00e3o do Nascimento, de quem herdou a Livraria Nascimento. No Chile tornou-se editor e amigo do grande poeta Pablo Neruda, pr\u00e9mio Nobel da Literatura em 1971.<\/p>\n\n\n\n<p>Apelidado por Isidoro V\u00e1squez da Acu\u00f1a como \u201cco-arquiteto das letras chilenas\u201d, editou outros nomes conhecidos, como o de Gabriela Mistral, tamb\u00e9m ela laureada, em 1945, como Pr\u00e9mio Nobel da Literatura.<\/p>\n\n\n\n<p>Em 1948 visitou o Corvo, tendo falecido em 1966, em Santiago do Chile. A \u201cEditorial Nascimento\u201d s\u00f3 encerrou as suas portas em 1986, tendo recentemente sido reaberta por Pablo George-Nascimento, seu bisneto.<\/p>","protected":false},"excerpt":{"rendered":"<p>No pr\u00f3ximo dia 18 de abril, pelas 15:30, na Casa do Tempo, o Ecomuseu do Corvo presta homenagem ao Corvino Carlos Jorge Nascimento, no seu 140.\u00ba anivers\u00e1rio, com uma mostra [&hellip;]<\/p>\n","protected":false},"author":3,"featured_media":4341,"comment_status":"open","ping_status":"open","sticky":false,"template":"","format":"standard","meta":{"footnotes":""},"categories":[62],"tags":[],"class_list":["post-4340","post","type-post","status-publish","format-standard","has-post-thumbnail","hentry","category-divulgacao"],"_links":{"self":[{"href":"https:\/\/ecomuseu-corvo.cultura.azores.gov.pt\/en\/wp-json\/wp\/v2\/posts\/4340","targetHints":{"allow":["GET"]}}],"collection":[{"href":"https:\/\/ecomuseu-corvo.cultura.azores.gov.pt\/en\/wp-json\/wp\/v2\/posts"}],"about":[{"href":"https:\/\/ecomuseu-corvo.cultura.azores.gov.pt\/en\/wp-json\/wp\/v2\/types\/post"}],"author":[{"embeddable":true,"href":"https:\/\/ecomuseu-corvo.cultura.azores.gov.pt\/en\/wp-json\/wp\/v2\/users\/3"}],"replies":[{"embeddable":true,"href":"https:\/\/ecomuseu-corvo.cultura.azores.gov.pt\/en\/wp-json\/wp\/v2\/comments?post=4340"}],"version-history":[{"count":1,"href":"https:\/\/ecomuseu-corvo.cultura.azores.gov.pt\/en\/wp-json\/wp\/v2\/posts\/4340\/revisions"}],"predecessor-version":[{"id":4342,"href":"https:\/\/ecomuseu-corvo.cultura.azores.gov.pt\/en\/wp-json\/wp\/v2\/posts\/4340\/revisions\/4342"}],"wp:featuredmedia":[{"embeddable":true,"href":"https:\/\/ecomuseu-corvo.cultura.azores.gov.pt\/en\/wp-json\/wp\/v2\/media\/4341"}],"wp:attachment":[{"href":"https:\/\/ecomuseu-corvo.cultura.azores.gov.pt\/en\/wp-json\/wp\/v2\/media?parent=4340"}],"wp:term":[{"taxonomy":"category","embeddable":true,"href":"https:\/\/ecomuseu-corvo.cultura.azores.gov.pt\/en\/wp-json\/wp\/v2\/categories?post=4340"},{"taxonomy":"post_tag","embeddable":true,"href":"https:\/\/ecomuseu-corvo.cultura.azores.gov.pt\/en\/wp-json\/wp\/v2\/tags?post=4340"}],"curies":[{"name":"wp","href":"https:\/\/api.w.org\/{rel}","templated":true}]}}