{"id":4198,"date":"2025-02-10T18:13:31","date_gmt":"2025-02-10T19:13:31","guid":{"rendered":"https:\/\/ecomuseu-corvo.cultura.azores.gov.pt\/?p=4198"},"modified":"2025-02-10T18:16:09","modified_gmt":"2025-02-10T19:16:09","slug":"falar-corvino","status":"publish","type":"post","link":"https:\/\/ecomuseu-corvo.cultura.azores.gov.pt\/en\/2025\/02\/10\/falar-corvino\/","title":{"rendered":"Falar Corvino &#8211; Recolha participativa do l\u00e9xico"},"content":{"rendered":"<p>O Ecomuseu do Corvo d\u00e1 continuidade \u00e0 atividade de recolha participativa e sistematiza\u00e7\u00e3o do l\u00e9xico corvino, intitulada &#8220;Falar Corvino&#8221;.<br>Com esta atividade, iniciada em 2022, sustentada no conhecimento da comunidade corvina, pretende-se conhecer o patrim\u00f3nio lingu\u00edstico da ilha e garantir o seu registo e divulga\u00e7\u00e3o \u00e0s gera\u00e7\u00f5es vindouras.<br>Pretende-se, tamb\u00e9m, estudar as transforma\u00e7\u00f5es ocorridas, ao longo do tempo, no l\u00e9xico corvino e as suas influ\u00eancias, bem como encontrar semelhan\u00e7as e diferen\u00e7as com as restantes ilhas dos A\u00e7ores.<br>Esta atividade decorre paralelamente com a recolha participativa do patrim\u00f3nio m\u00f3vel do Corvo, pois o l\u00e9xico est\u00e1 associado, tamb\u00e9m, \u00e0s atividades e utens\u00edlios ligados \u00e0 tecelagem, \u00e0 agricultura e \u00e0 pesca.<br>Simultaneamente, t\u00eam sido realizadas a\u00e7\u00f5es que veiculam a transmiss\u00e3o e capacita\u00e7\u00e3o da comunidade, bem como a\u00e7\u00f5es educativas junto da comunidade escolar.<br>Todas as recolhas est\u00e3o a ser organizadas e divulgadas online no seguinte link: <a href=\"https:\/\/padlet.com\/ecomuseu\/5zdomsu4rcejijqy\">https:\/\/padlet.com\/ecomuseu\/5zdomsu4rcejijqy<br><\/a>O Ecomuseu agradece todos os contributos e a forma como a comunidade residente, e n\u00e3o residente, na ilha participa ativamente.<br>Lembrar o l\u00e9xico corvino e explorar o seu significado \u00e9 manter vivo o patrim\u00f3nio lingu\u00edstico, uma heran\u00e7a a preservar.<\/p>","protected":false},"excerpt":{"rendered":"<p>O Ecomuseu do Corvo d\u00e1 continuidade \u00e0 atividade de recolha participativa e sistematiza\u00e7\u00e3o do l\u00e9xico corvino, intitulada &#8220;Falar Corvino&#8221;.Com esta atividade, iniciada em 2022, sustentada no conhecimento da comunidade corvina, [&hellip;]<\/p>\n","protected":false},"author":3,"featured_media":4199,"comment_status":"open","ping_status":"open","sticky":false,"template":"","format":"standard","meta":{"footnotes":""},"categories":[64],"tags":[],"class_list":["post-4198","post","type-post","status-publish","format-standard","has-post-thumbnail","hentry","category-patrimonio-imaterial"],"_links":{"self":[{"href":"https:\/\/ecomuseu-corvo.cultura.azores.gov.pt\/en\/wp-json\/wp\/v2\/posts\/4198","targetHints":{"allow":["GET"]}}],"collection":[{"href":"https:\/\/ecomuseu-corvo.cultura.azores.gov.pt\/en\/wp-json\/wp\/v2\/posts"}],"about":[{"href":"https:\/\/ecomuseu-corvo.cultura.azores.gov.pt\/en\/wp-json\/wp\/v2\/types\/post"}],"author":[{"embeddable":true,"href":"https:\/\/ecomuseu-corvo.cultura.azores.gov.pt\/en\/wp-json\/wp\/v2\/users\/3"}],"replies":[{"embeddable":true,"href":"https:\/\/ecomuseu-corvo.cultura.azores.gov.pt\/en\/wp-json\/wp\/v2\/comments?post=4198"}],"version-history":[{"count":2,"href":"https:\/\/ecomuseu-corvo.cultura.azores.gov.pt\/en\/wp-json\/wp\/v2\/posts\/4198\/revisions"}],"predecessor-version":[{"id":4201,"href":"https:\/\/ecomuseu-corvo.cultura.azores.gov.pt\/en\/wp-json\/wp\/v2\/posts\/4198\/revisions\/4201"}],"wp:featuredmedia":[{"embeddable":true,"href":"https:\/\/ecomuseu-corvo.cultura.azores.gov.pt\/en\/wp-json\/wp\/v2\/media\/4199"}],"wp:attachment":[{"href":"https:\/\/ecomuseu-corvo.cultura.azores.gov.pt\/en\/wp-json\/wp\/v2\/media?parent=4198"}],"wp:term":[{"taxonomy":"category","embeddable":true,"href":"https:\/\/ecomuseu-corvo.cultura.azores.gov.pt\/en\/wp-json\/wp\/v2\/categories?post=4198"},{"taxonomy":"post_tag","embeddable":true,"href":"https:\/\/ecomuseu-corvo.cultura.azores.gov.pt\/en\/wp-json\/wp\/v2\/tags?post=4198"}],"curies":[{"name":"wp","href":"https:\/\/api.w.org\/{rel}","templated":true}]}}