{"id":4189,"date":"2025-01-24T13:21:17","date_gmt":"2025-01-24T14:21:17","guid":{"rendered":"https:\/\/ecomuseu-corvo.cultura.azores.gov.pt\/?p=4189"},"modified":"2025-01-24T13:38:15","modified_gmt":"2025-01-24T14:38:15","slug":"a-hora-da-barreta-2","status":"publish","type":"post","link":"https:\/\/ecomuseu-corvo.cultura.azores.gov.pt\/en\/2025\/01\/24\/a-hora-da-barreta-2\/","title":{"rendered":"A Hora da Barreta"},"content":{"rendered":"<p>Est\u00e3o abertas as inscri\u00e7\u00f5es para a frequ\u00eancia da 2.\u00aa edi\u00e7\u00e3o forma\u00e7\u00e3o: \u201cA Hora da Barreta\u201d.<br>Para participar neste workshop em Barretas do Corvo s\u00f3 necessita inscrever-se.<br>Quem j\u00e1 se inscreveu no ano transato dever\u00e1 inscrever-se novamente para nos indicar qual o local da sua prefer\u00eancia para frequentar este curso, uma vez que o mesmo ser\u00e1 dinamizado, em simult\u00e2neo, no Multiusos e na Casa da Mem\u00f3ria.<br>O curso \u00e9 gratuito e decorre, \u00e0 quarta-feira, entre as 16h00 e as 17h00,<br>Para mais pormenores e inscri\u00e7\u00f5es basta seguir o seguinte link:<br><a href=\"https:\/\/forms.office.com\/e\/bwubj05Jbm?origin=lprLink\">https:\/\/forms.office.com\/e\/bwubj05Jbm?origin=lprLink<\/a><br>Com esta a\u00e7\u00e3o, iniciada em dezembro de 2023, o Ecomuseu pretende preservar o saber fazer.<br>Trata-se de uma a\u00e7\u00e3o prolongada no tempo, que desenvolvemos semanalmente, \u00e0 quarta-feira, com a dura\u00e7\u00e3o de apenas uma hora, onde os inscritos podem comparecer conforme a sua disponibilidade.<br>Pretende-se, assim, transmitir a arte de produzir a t\u00edpica barreta do Corvo e capacitar a comunidade para a import\u00e2ncia da preserva\u00e7\u00e3o deste patrim\u00f3nio \u00fanico.<br>A barreta do Corvo \u00e9 o resultado de uma necessidade que se aliou \u00e0 capacidade de cria\u00e7\u00e3o de um povo que, desde cedo, se viu entregue a si pr\u00f3prio.<br>Sendo a l\u00e3 a \u00fanica mat\u00e9ria-prima na ilha que permitia a confe\u00e7\u00e3o do vestu\u00e1rio, tamb\u00e9m a barreta era feita naquele material, agasalho perfeito para combater o frio nos invernos rigorosos.<br>Sup\u00f5e-se que o modelo e a t\u00e9cnica de confe\u00e7\u00e3o ter\u00e3o sido transmitidos aos corvinos a bordo das baleeiras americanas que, desde o s\u00e9culo XIX, cruzavam os mares dos A\u00e7ores e aportavam \u00e0 ilha para fazer a aguada e recrutar homens para as tripula\u00e7\u00f5es. Durante as longas viagens no mar alto, estes homens ter\u00e3o aprendido a tricotar e, uma vez regressados, ter\u00e3o transmitido a t\u00e9cnica \u00e0s suas esposas que passaram a ser as respons\u00e1veis pela produ\u00e7\u00e3o das barretas.<br>Tal como tem vindo a acontecer pretendemos articular esta atividade com os nossos anci\u00e3os, durante a atividade \u201cEncontros com Mem\u00f3ria\u201d, com o intuito de com eles reavivarmos mem\u00f3rias de tempos antigos e aprendermos mais sobre este elemento \u00fanico do patrim\u00f3nio da ilha do Corvo.<br>Agradecemos o interesse da comunidade pela preserva\u00e7\u00e3o do patrim\u00f3nio do Corvo!<\/p>","protected":false},"excerpt":{"rendered":"<p>Est\u00e3o abertas as inscri\u00e7\u00f5es para a frequ\u00eancia da 2.\u00aa edi\u00e7\u00e3o forma\u00e7\u00e3o: \u201cA Hora da Barreta\u201d.Para participar neste workshop em Barretas do Corvo s\u00f3 necessita inscrever-se.Quem j\u00e1 se inscreveu no ano [&hellip;]<\/p>\n","protected":false},"author":3,"featured_media":4185,"comment_status":"open","ping_status":"open","sticky":false,"template":"","format":"standard","meta":{"footnotes":""},"categories":[42],"tags":[],"class_list":["post-4189","post","type-post","status-publish","format-standard","has-post-thumbnail","hentry","category-oficinas-e-workshops"],"_links":{"self":[{"href":"https:\/\/ecomuseu-corvo.cultura.azores.gov.pt\/en\/wp-json\/wp\/v2\/posts\/4189","targetHints":{"allow":["GET"]}}],"collection":[{"href":"https:\/\/ecomuseu-corvo.cultura.azores.gov.pt\/en\/wp-json\/wp\/v2\/posts"}],"about":[{"href":"https:\/\/ecomuseu-corvo.cultura.azores.gov.pt\/en\/wp-json\/wp\/v2\/types\/post"}],"author":[{"embeddable":true,"href":"https:\/\/ecomuseu-corvo.cultura.azores.gov.pt\/en\/wp-json\/wp\/v2\/users\/3"}],"replies":[{"embeddable":true,"href":"https:\/\/ecomuseu-corvo.cultura.azores.gov.pt\/en\/wp-json\/wp\/v2\/comments?post=4189"}],"version-history":[{"count":2,"href":"https:\/\/ecomuseu-corvo.cultura.azores.gov.pt\/en\/wp-json\/wp\/v2\/posts\/4189\/revisions"}],"predecessor-version":[{"id":4191,"href":"https:\/\/ecomuseu-corvo.cultura.azores.gov.pt\/en\/wp-json\/wp\/v2\/posts\/4189\/revisions\/4191"}],"wp:featuredmedia":[{"embeddable":true,"href":"https:\/\/ecomuseu-corvo.cultura.azores.gov.pt\/en\/wp-json\/wp\/v2\/media\/4185"}],"wp:attachment":[{"href":"https:\/\/ecomuseu-corvo.cultura.azores.gov.pt\/en\/wp-json\/wp\/v2\/media?parent=4189"}],"wp:term":[{"taxonomy":"category","embeddable":true,"href":"https:\/\/ecomuseu-corvo.cultura.azores.gov.pt\/en\/wp-json\/wp\/v2\/categories?post=4189"},{"taxonomy":"post_tag","embeddable":true,"href":"https:\/\/ecomuseu-corvo.cultura.azores.gov.pt\/en\/wp-json\/wp\/v2\/tags?post=4189"}],"curies":[{"name":"wp","href":"https:\/\/api.w.org\/{rel}","templated":true}]}}