{"id":2904,"date":"2023-09-29T01:47:39","date_gmt":"2023-09-29T01:47:39","guid":{"rendered":"https:\/\/ecomuseu-corvo.cultura.azores.gov.pt\/?p=2904"},"modified":"2023-09-29T01:49:04","modified_gmt":"2023-09-29T01:49:04","slug":"noites-de-rua-cheia-no-largo-do-outeiro","status":"publish","type":"post","link":"https:\/\/ecomuseu-corvo.cultura.azores.gov.pt\/en\/2023\/09\/29\/noites-de-rua-cheia-no-largo-do-outeiro\/","title":{"rendered":"Noites de Rua Cheia no Largo do Outeiro"},"content":{"rendered":"\n<p>No dia 09 de setembro, pelas 21:30, o Ecomuseu do Corvo dinamizou a 2.\u00aa edi\u00e7\u00e3o das \u201cNoites de Rua cheia\u201d, no Largo do Outeiro, onde Jo\u00e3o Moniz atuou no \u00e2mbito da sua tour &#8220;Sou Filho da Terra e do Mar&#8221; \u2013 2023.<\/p>\n\n\n\n<p>Jo\u00e3o Moniz \u00e9 um cantautor A\u00e7oriano, nascido na freguesia de Ponta Gar\u00e7a, na ilha de S\u00e3o Miguel. Conta j\u00e1 com dois trabalhos de originais: EP Saudade (2020) e Depois da Saudade (2022). O seu trabalho tem sido apresentado em alguns dos maiores palcos dos A\u00e7ores e n\u00e3o s\u00f3, <a><\/a>destacando-se o MEO Sudoeste 2019, o Coliseu Micaelense, o Teatro Micaelense, o Monte Verde Festival e o Bliss Vibes.<\/p>\n\n\n\n<p>&#8220;&#8230; tenho saudades da bruma<\/p>\n\n\n\n<p>que faz das nove ilhas uma&#8230;&#8221;<\/p>\n\n\n\n<p>&#8211; &#8220;Saudade&#8221; &#8211; Jo\u00e3o Moniz<\/p>\n\n\n\n<p>S\u00e3o os temas desta tour pelo arquip\u00e9lago que pretende criar uma ponte, atrav\u00e9s das suas can\u00e7\u00f5es, entre as nove ilhas dos A\u00e7ores.<\/p>\n\n\n\n<p>Com esta atividade o Ecomuseu do Corvo pretendeu proporcionar, a toda a popula\u00e7\u00e3o do Corvo e a quem nos visita, uma oferta cultural e recreativa, atrav\u00e9s da dinamiza\u00e7\u00e3o de espa\u00e7os p\u00fablicos de mem\u00f3ria e de interesse patrimonial.<\/p>\n\n\n\n<p>+ Inf<\/p>\n\n\n\n<p>Ouvir Jo\u00e3o Moniz: &#8220;Saudade&#8221; &#8211; <a href=\"https:\/\/l.facebook.com\/l.php?u=https%3A%2F%2Fwww.youtube.com%2Fwatch%3Fv%3DStDtT07b_ns%26fbclid%3DIwAR1HzGVyNccgbka4MavCIZtPYg2Wp5x93QtdvL2FyR9tvj7aQkmwGtWkr-w&amp;h=AT3PeS3oenJyM8kkkMSh-RJaxswf8NwKLWL8HAgTLRRKX8IzP1ZtgxQtLFUIwZ5T6qV2jZLszGL8d1WfRorxUfj_8vodmoEeOpnWedyWAz1k0Q7G-mAhzWNHbu0xo_qccQ&amp;__tn__=-UK-R&amp;c[0]=AT2-SYRwldcSJPErgnZRmpHGTfTr7DrpwS-mFxfQE03WuMWwQ9NeQsAIjOeoBw9aD4JbYiwEO7KbJ4a3LtpUBm5enDAIMWXp9kTv2ja-ErUBYpsRlg6ug0tc3U2WS0cLdGpWuoJO-phjUneK-4oybF6PH7QaDq_3bS6nZOfzqO51xrfJ_MWTACELfUCdPlamlBJEtZ8_Y9qB\" rel=\"noreferrer noopener\" target=\"_blank\">https:\/\/www.youtube.com\/watch?v=StDtT07b_ns<\/a><\/p>\n\n\n\n<figure class=\"wp-block-embed is-type-rich is-provider-mixcloud wp-block-embed-mixcloud wp-embed-aspect-21-9 wp-has-aspect-ratio\"><div class=\"wp-block-embed__wrapper\">\n<iframe loading=\"lazy\" title=\"O Ecomuseu Do Corvo  Promove A 2.\u00aa Edi\u00e7\u00e3o Das Noites De Rua Cheia No Largo Do Outeiro Com Jo\u00e3o Moniz\" width=\"100%\" height=\"120\" src=\"https:\/\/www.mixcloud.com\/widget\/iframe\/?feed=https%3A%2F%2Fwww.mixcloud.com%2Fdeolinda-est%25C3%25AAv%25C3%25A3o%2Fnoites-de-rua-cheia-no-largo-do-outeiro-com-jo%25C3%25A3o-moniz%2F&amp;hide_cover=1\" frameborder=\"0\"><\/iframe>\n<\/div><\/figure>\n","protected":false},"excerpt":{"rendered":"<p>No dia 09 de setembro, pelas 21:30, o Ecomuseu do Corvo dinamizou a 2.\u00aa edi\u00e7\u00e3o das \u201cNoites de Rua cheia\u201d, no Largo do Outeiro, onde Jo\u00e3o Moniz atuou no \u00e2mbito [&hellip;]<\/p>\n","protected":false},"author":3,"featured_media":2905,"comment_status":"open","ping_status":"open","sticky":false,"template":"","format":"standard","meta":{"footnotes":""},"categories":[48,43],"tags":[],"class_list":["post-2904","post","type-post","status-publish","format-standard","has-post-thumbnail","hentry","category-musica","category-patrimonio"],"_links":{"self":[{"href":"https:\/\/ecomuseu-corvo.cultura.azores.gov.pt\/en\/wp-json\/wp\/v2\/posts\/2904","targetHints":{"allow":["GET"]}}],"collection":[{"href":"https:\/\/ecomuseu-corvo.cultura.azores.gov.pt\/en\/wp-json\/wp\/v2\/posts"}],"about":[{"href":"https:\/\/ecomuseu-corvo.cultura.azores.gov.pt\/en\/wp-json\/wp\/v2\/types\/post"}],"author":[{"embeddable":true,"href":"https:\/\/ecomuseu-corvo.cultura.azores.gov.pt\/en\/wp-json\/wp\/v2\/users\/3"}],"replies":[{"embeddable":true,"href":"https:\/\/ecomuseu-corvo.cultura.azores.gov.pt\/en\/wp-json\/wp\/v2\/comments?post=2904"}],"version-history":[{"count":2,"href":"https:\/\/ecomuseu-corvo.cultura.azores.gov.pt\/en\/wp-json\/wp\/v2\/posts\/2904\/revisions"}],"predecessor-version":[{"id":2907,"href":"https:\/\/ecomuseu-corvo.cultura.azores.gov.pt\/en\/wp-json\/wp\/v2\/posts\/2904\/revisions\/2907"}],"wp:featuredmedia":[{"embeddable":true,"href":"https:\/\/ecomuseu-corvo.cultura.azores.gov.pt\/en\/wp-json\/wp\/v2\/media\/2905"}],"wp:attachment":[{"href":"https:\/\/ecomuseu-corvo.cultura.azores.gov.pt\/en\/wp-json\/wp\/v2\/media?parent=2904"}],"wp:term":[{"taxonomy":"category","embeddable":true,"href":"https:\/\/ecomuseu-corvo.cultura.azores.gov.pt\/en\/wp-json\/wp\/v2\/categories?post=2904"},{"taxonomy":"post_tag","embeddable":true,"href":"https:\/\/ecomuseu-corvo.cultura.azores.gov.pt\/en\/wp-json\/wp\/v2\/tags?post=2904"}],"curies":[{"name":"wp","href":"https:\/\/api.w.org\/{rel}","templated":true}]}}