{"id":2868,"date":"2023-09-29T01:23:48","date_gmt":"2023-09-29T01:23:48","guid":{"rendered":"https:\/\/ecomuseu-corvo.cultura.azores.gov.pt\/?p=2868"},"modified":"2023-09-29T17:29:42","modified_gmt":"2023-09-29T17:29:42","slug":"dia-abeto-dos-moinhos","status":"publish","type":"post","link":"https:\/\/ecomuseu-corvo.cultura.azores.gov.pt\/en\/2023\/09\/29\/dia-abeto-dos-moinhos\/","title":{"rendered":"Dia Aberto dos Moinhos 2023"},"content":{"rendered":"\n<p>O Ecomuseu do Corvo promoveu, pelo terceiro ano consecutivo, o Dia Aberto dos Moinhos, sob o mote &#8220;Moinhos que guardam Mem\u00f3rias&#8221;. Esta atividade decorreu  no dia 15 de julho, a partir das 14h30, junto aos moinhos de vento.<br>Os moinhos de vento, tal como as eiras e a atafona do &#8220;Louren\u00e7o&#8221;, s\u00e3o testemunhos constru\u00eddos de um passado n\u00e3o muito long\u00ednquo, em que os cereais eram a base da alimenta\u00e7\u00e3o e o trigo era a moeda que saldava os pesados impostos a que a comunidade corvina esteve sujeita.<br>Com esta atividade pretendeu-se dar vida a este patrim\u00f3nio, chamar a aten\u00e7\u00e3o para o inestim\u00e1vel valor patrimonial dos moinhos tradicionais, valorizar as mem\u00f3rias e as tradi\u00e7\u00f5es a eles associadas, garantindo a sua salvaguarda e, em simult\u00e2neo, criar processos educativos e de capacita\u00e7\u00e3o da comunidade.<\/p>\n\n\n\n<figure class=\"wp-block-image size-large\"><img loading=\"lazy\" decoding=\"async\" width=\"768\" height=\"1024\" src=\"https:\/\/ecomuseu-corvo.cultura.azores.gov.pt\/wp-content\/uploads\/2023\/09\/1-3-768x1024.jpg\" alt=\"\" class=\"wp-image-2870\" srcset=\"https:\/\/ecomuseu-corvo.cultura.azores.gov.pt\/wp-content\/uploads\/2023\/09\/1-3-768x1024.jpg 768w, https:\/\/ecomuseu-corvo.cultura.azores.gov.pt\/wp-content\/uploads\/2023\/09\/1-3-225x300.jpg 225w, https:\/\/ecomuseu-corvo.cultura.azores.gov.pt\/wp-content\/uploads\/2023\/09\/1-3-1152x1536.jpg 1152w, https:\/\/ecomuseu-corvo.cultura.azores.gov.pt\/wp-content\/uploads\/2023\/09\/1-3-9x12.jpg 9w, https:\/\/ecomuseu-corvo.cultura.azores.gov.pt\/wp-content\/uploads\/2023\/09\/1-3-1200x1600.jpg 1200w, https:\/\/ecomuseu-corvo.cultura.azores.gov.pt\/wp-content\/uploads\/2023\/09\/1-3.jpg 1536w\" sizes=\"auto, (max-width: 768px) 100vw, 768px\" \/><\/figure>\n\n\n\n<p>Pretendeu-se, assim, promover um dia aberto dos moinhos de vento, com a abertura ao p\u00fablico dos tr\u00eas moinhos de vento. Com esta atividade visa-se dar a conhecer \u00e0 comunidade, principalmente aos mais jovens, todo o processo de moagem, desde a montagem das velas, ao rodar da carapu\u00e7a e \u00e0 sua fixa\u00e7\u00e3o, a moagem propriamente dita, a travagem e controlo do gr\u00e3o da moagem, culminando no ensacar da farinha, pesagem e pagamento ao moleiro.<br>Para tal cont\u00e1mos com a colabora\u00e7\u00e3o dos seus propriet\u00e1rios e dos anci\u00e3os, testemunhos vivos desta atividade, que assumiram o papel de guias int\u00e9rpretes.<br>Em simult\u00e2neo, decorreu uma exposi\u00e7\u00e3o de r\u00e9plicas em miniatura de moinhos, atafonas e eiras; uma mostra artesanal, desenvolvida em parceria com os artes\u00e3os locais e o CADA (Centro de Artesanato e Design dos A\u00e7ores); jogos do patrim\u00f3nio e desafios do &#8220;Falar Corvino&#8221;, bem como outras recria\u00e7\u00f5es.<br>Esta atividade contou tamb\u00e9m com o apoio dos servi\u00e7os de ilha da Secretaria Regional do Turismo, Mobilidade e Infraestruturas e da Secretaria Regional do Ambiente e Altera\u00e7\u00f5es Clim\u00e1ticas.&nbsp;<\/p>\n\n\n\n<div id=\"wp-block-themeisle-blocks-slider-33d3244e\" class=\"wp-block-themeisle-blocks-slider glide\" data-per-view=\"1\" data-gap=\"0\" data-peek=\"0\" data-autoplay=\"true\" data-height=\"400px\" data-hide-arrows=\"false\"><div class=\"glide__track\" data-glide-el=\"track\"><div class=\"glide__slides\"><div class=\"wp-block-themeisle-blocks-slider-item-wrapper glide__slide\" tabindex=\"0\"><figure><img decoding=\"async\" class=\"wp-block-themeisle-blocks-slider-item\" src=\"https:\/\/ecomuseu-corvo.cultura.azores.gov.pt\/wp-content\/uploads\/2023\/09\/2-5.jpg\" alt=\"\" title=\"\" data-id=\"2872\"\/><\/figure><\/div><div class=\"wp-block-themeisle-blocks-slider-item-wrapper glide__slide\" tabindex=\"0\"><figure><img decoding=\"async\" class=\"wp-block-themeisle-blocks-slider-item\" src=\"https:\/\/ecomuseu-corvo.cultura.azores.gov.pt\/wp-content\/uploads\/2023\/09\/4-5.jpg\" alt=\"\" title=\"\" data-id=\"2873\"\/><\/figure><\/div><div class=\"wp-block-themeisle-blocks-slider-item-wrapper glide__slide\" tabindex=\"0\"><figure><img decoding=\"async\" class=\"wp-block-themeisle-blocks-slider-item\" src=\"https:\/\/ecomuseu-corvo.cultura.azores.gov.pt\/wp-content\/uploads\/2023\/09\/5-5.jpg\" alt=\"\" title=\"\" data-id=\"2875\"\/><\/figure><\/div><div class=\"wp-block-themeisle-blocks-slider-item-wrapper glide__slide\" tabindex=\"0\"><figure><img decoding=\"async\" class=\"wp-block-themeisle-blocks-slider-item\" src=\"https:\/\/ecomuseu-corvo.cultura.azores.gov.pt\/wp-content\/uploads\/2023\/09\/6-5.jpg\" alt=\"\" title=\"\" data-id=\"2876\"\/><\/figure><\/div><div class=\"wp-block-themeisle-blocks-slider-item-wrapper glide__slide\" tabindex=\"0\"><figure><img decoding=\"async\" class=\"wp-block-themeisle-blocks-slider-item\" src=\"https:\/\/ecomuseu-corvo.cultura.azores.gov.pt\/wp-content\/uploads\/2023\/09\/8-4.jpg\" alt=\"\" title=\"\" data-id=\"2878\"\/><\/figure><\/div><div class=\"wp-block-themeisle-blocks-slider-item-wrapper glide__slide\" tabindex=\"0\"><figure><img decoding=\"async\" class=\"wp-block-themeisle-blocks-slider-item\" src=\"https:\/\/ecomuseu-corvo.cultura.azores.gov.pt\/wp-content\/uploads\/2023\/09\/9-4.jpg\" alt=\"\" title=\"\" data-id=\"2879\"\/><\/figure><\/div><div class=\"wp-block-themeisle-blocks-slider-item-wrapper glide__slide\" tabindex=\"0\"><figure><img decoding=\"async\" class=\"wp-block-themeisle-blocks-slider-item\" src=\"blob:https:\/\/ecomuseu-corvo.cultura.azores.gov.pt\/e3696332-d76a-4dd4-88f7-d28710884632\"\/><\/figure><\/div><div class=\"wp-block-themeisle-blocks-slider-item-wrapper glide__slide\" tabindex=\"0\"><figure><img decoding=\"async\" class=\"wp-block-themeisle-blocks-slider-item\" src=\"blob:https:\/\/ecomuseu-corvo.cultura.azores.gov.pt\/410fca2c-d4fe-4b89-be97-288f251a8a1d\"\/><\/figure><\/div><div class=\"wp-block-themeisle-blocks-slider-item-wrapper glide__slide\" tabindex=\"0\"><figure><img decoding=\"async\" class=\"wp-block-themeisle-blocks-slider-item\" src=\"blob:https:\/\/ecomuseu-corvo.cultura.azores.gov.pt\/7ad2b256-ae1b-4ecd-910b-e50a657102c3\"\/><\/figure><\/div><div class=\"wp-block-themeisle-blocks-slider-item-wrapper glide__slide\" tabindex=\"0\"><figure><img decoding=\"async\" class=\"wp-block-themeisle-blocks-slider-item\" src=\"blob:https:\/\/ecomuseu-corvo.cultura.azores.gov.pt\/5b397a06-dfe8-41e6-aea8-ee98db6ac2a2\"\/><\/figure><\/div><div class=\"wp-block-themeisle-blocks-slider-item-wrapper glide__slide\" tabindex=\"0\"><figure><img decoding=\"async\" class=\"wp-block-themeisle-blocks-slider-item\" src=\"blob:https:\/\/ecomuseu-corvo.cultura.azores.gov.pt\/8f8a0b15-2b3f-441a-966d-4113850abdb2\"\/><\/figure><\/div><div class=\"wp-block-themeisle-blocks-slider-item-wrapper glide__slide\" tabindex=\"0\"><figure><img decoding=\"async\" class=\"wp-block-themeisle-blocks-slider-item\" src=\"blob:https:\/\/ecomuseu-corvo.cultura.azores.gov.pt\/0d940253-11cf-4810-a204-feb40a1b2826\"\/><\/figure><\/div><div class=\"wp-block-themeisle-blocks-slider-item-wrapper glide__slide\" tabindex=\"0\"><figure><img decoding=\"async\" class=\"wp-block-themeisle-blocks-slider-item\" src=\"blob:https:\/\/ecomuseu-corvo.cultura.azores.gov.pt\/1d89bb2b-1fa9-4bef-af11-9b9ad58e28ae\"\/><\/figure><\/div><div class=\"wp-block-themeisle-blocks-slider-item-wrapper glide__slide\" tabindex=\"0\"><figure><img decoding=\"async\" class=\"wp-block-themeisle-blocks-slider-item\" src=\"blob:https:\/\/ecomuseu-corvo.cultura.azores.gov.pt\/51ae7d72-e95e-479b-8b76-438eacc269ca\"\/><\/figure><\/div><div class=\"wp-block-themeisle-blocks-slider-item-wrapper glide__slide\" tabindex=\"0\"><figure><img decoding=\"async\" class=\"wp-block-themeisle-blocks-slider-item\" src=\"blob:https:\/\/ecomuseu-corvo.cultura.azores.gov.pt\/c1341c49-1fde-4642-81cf-000911c38e24\"\/><\/figure><\/div><div class=\"wp-block-themeisle-blocks-slider-item-wrapper glide__slide\" tabindex=\"0\"><figure><img decoding=\"async\" class=\"wp-block-themeisle-blocks-slider-item\" src=\"blob:https:\/\/ecomuseu-corvo.cultura.azores.gov.pt\/79fbf209-2c87-494e-8b16-c2cb689cbc89\"\/><\/figure><\/div><div class=\"wp-block-themeisle-blocks-slider-item-wrapper glide__slide\" tabindex=\"0\"><figure><img decoding=\"async\" class=\"wp-block-themeisle-blocks-slider-item\" src=\"blob:https:\/\/ecomuseu-corvo.cultura.azores.gov.pt\/6fd5ee0c-78b5-449a-ac61-4d253b5e108a\"\/><\/figure><\/div><div class=\"wp-block-themeisle-blocks-slider-item-wrapper glide__slide\" tabindex=\"0\"><figure><img decoding=\"async\" class=\"wp-block-themeisle-blocks-slider-item\" src=\"blob:https:\/\/ecomuseu-corvo.cultura.azores.gov.pt\/dbb06cad-df67-4d63-9c4b-8b542d575e52\"\/><\/figure><\/div><div class=\"wp-block-themeisle-blocks-slider-item-wrapper glide__slide\" tabindex=\"0\"><figure><img decoding=\"async\" class=\"wp-block-themeisle-blocks-slider-item\" src=\"blob:https:\/\/ecomuseu-corvo.cultura.azores.gov.pt\/7ed3d949-628a-4386-a327-d444354008c9\"\/><\/figure><\/div><div class=\"wp-block-themeisle-blocks-slider-item-wrapper glide__slide\" tabindex=\"0\"><figure><img decoding=\"async\" class=\"wp-block-themeisle-blocks-slider-item\" src=\"blob:https:\/\/ecomuseu-corvo.cultura.azores.gov.pt\/81db7492-a9e6-4db0-9fa3-cfb313a249d8\"\/><\/figure><\/div><div class=\"wp-block-themeisle-blocks-slider-item-wrapper glide__slide\" tabindex=\"0\"><figure><img decoding=\"async\" class=\"wp-block-themeisle-blocks-slider-item\" src=\"blob:https:\/\/ecomuseu-corvo.cultura.azores.gov.pt\/24d68467-b62c-4f81-a254-b5736ada8d74\"\/><\/figure><\/div><div class=\"wp-block-themeisle-blocks-slider-item-wrapper glide__slide\" tabindex=\"0\"><figure><img decoding=\"async\" class=\"wp-block-themeisle-blocks-slider-item\" src=\"blob:https:\/\/ecomuseu-corvo.cultura.azores.gov.pt\/580602c0-e6c7-4790-945d-3c290ab7f4f2\"\/><\/figure><\/div><div class=\"wp-block-themeisle-blocks-slider-item-wrapper glide__slide\" tabindex=\"0\"><figure><img decoding=\"async\" class=\"wp-block-themeisle-blocks-slider-item\" src=\"blob:https:\/\/ecomuseu-corvo.cultura.azores.gov.pt\/b00b14a6-c659-4476-9f59-cf46c1396a7e\"\/><\/figure><\/div><\/div><div class=\"glide__bullets\" data-glide-el=\"controls[nav]\"><button class=\"glide__bullet\" data-glide-dir=\"=0\"><\/button><button class=\"glide__bullet\" data-glide-dir=\"=1\"><\/button><button class=\"glide__bullet\" data-glide-dir=\"=2\"><\/button><button class=\"glide__bullet\" data-glide-dir=\"=3\"><\/button><button class=\"glide__bullet\" data-glide-dir=\"=4\"><\/button><button class=\"glide__bullet\" data-glide-dir=\"=5\"><\/button><button class=\"glide__bullet\" data-glide-dir=\"=6\"><\/button><button class=\"glide__bullet\" data-glide-dir=\"=7\"><\/button><button class=\"glide__bullet\" data-glide-dir=\"=8\"><\/button><button class=\"glide__bullet\" data-glide-dir=\"=9\"><\/button><button class=\"glide__bullet\" data-glide-dir=\"=10\"><\/button><button class=\"glide__bullet\" data-glide-dir=\"=11\"><\/button><button class=\"glide__bullet\" data-glide-dir=\"=12\"><\/button><button class=\"glide__bullet\" data-glide-dir=\"=13\"><\/button><button class=\"glide__bullet\" data-glide-dir=\"=14\"><\/button><button class=\"glide__bullet\" data-glide-dir=\"=15\"><\/button><button class=\"glide__bullet\" data-glide-dir=\"=16\"><\/button><button class=\"glide__bullet\" data-glide-dir=\"=17\"><\/button><button class=\"glide__bullet\" data-glide-dir=\"=18\"><\/button><button class=\"glide__bullet\" data-glide-dir=\"=19\"><\/button><button class=\"glide__bullet\" data-glide-dir=\"=20\"><\/button><button class=\"glide__bullet\" data-glide-dir=\"=21\"><\/button><button class=\"glide__bullet\" data-glide-dir=\"=22\"><\/button><\/div><\/div><\/div>\n","protected":false},"excerpt":{"rendered":"<p>O Ecomuseu do Corvo promoveu, pelo terceiro ano consecutivo, o Dia Aberto dos Moinhos, sob o mote &#8220;Moinhos que guardam Mem\u00f3rias&#8221;. Esta atividade decorreu no dia 15 de julho, a [&hellip;]<\/p>\n","protected":false},"author":3,"featured_media":2869,"comment_status":"open","ping_status":"open","sticky":false,"template":"","format":"standard","meta":{"footnotes":""},"categories":[49],"tags":[],"class_list":["post-2868","post","type-post","status-publish","format-standard","has-post-thumbnail","hentry","category-recriacoes-do-patrimonio"],"_links":{"self":[{"href":"https:\/\/ecomuseu-corvo.cultura.azores.gov.pt\/en\/wp-json\/wp\/v2\/posts\/2868","targetHints":{"allow":["GET"]}}],"collection":[{"href":"https:\/\/ecomuseu-corvo.cultura.azores.gov.pt\/en\/wp-json\/wp\/v2\/posts"}],"about":[{"href":"https:\/\/ecomuseu-corvo.cultura.azores.gov.pt\/en\/wp-json\/wp\/v2\/types\/post"}],"author":[{"embeddable":true,"href":"https:\/\/ecomuseu-corvo.cultura.azores.gov.pt\/en\/wp-json\/wp\/v2\/users\/3"}],"replies":[{"embeddable":true,"href":"https:\/\/ecomuseu-corvo.cultura.azores.gov.pt\/en\/wp-json\/wp\/v2\/comments?post=2868"}],"version-history":[{"count":5,"href":"https:\/\/ecomuseu-corvo.cultura.azores.gov.pt\/en\/wp-json\/wp\/v2\/posts\/2868\/revisions"}],"predecessor-version":[{"id":2940,"href":"https:\/\/ecomuseu-corvo.cultura.azores.gov.pt\/en\/wp-json\/wp\/v2\/posts\/2868\/revisions\/2940"}],"wp:featuredmedia":[{"embeddable":true,"href":"https:\/\/ecomuseu-corvo.cultura.azores.gov.pt\/en\/wp-json\/wp\/v2\/media\/2869"}],"wp:attachment":[{"href":"https:\/\/ecomuseu-corvo.cultura.azores.gov.pt\/en\/wp-json\/wp\/v2\/media?parent=2868"}],"wp:term":[{"taxonomy":"category","embeddable":true,"href":"https:\/\/ecomuseu-corvo.cultura.azores.gov.pt\/en\/wp-json\/wp\/v2\/categories?post=2868"},{"taxonomy":"post_tag","embeddable":true,"href":"https:\/\/ecomuseu-corvo.cultura.azores.gov.pt\/en\/wp-json\/wp\/v2\/tags?post=2868"}],"curies":[{"name":"wp","href":"https:\/\/api.w.org\/{rel}","templated":true}]}}