{"id":2166,"date":"2022-10-06T18:55:11","date_gmt":"2022-10-06T18:55:11","guid":{"rendered":"https:\/\/ecomuseu-corvo.cultura.azores.gov.pt\/?p=2166"},"modified":"2022-10-14T20:12:11","modified_gmt":"2022-10-14T20:12:11","slug":"exposicao-temporaria-capsulas-do-tempo","status":"publish","type":"post","link":"https:\/\/ecomuseu-corvo.cultura.azores.gov.pt\/en\/2022\/10\/06\/exposicao-temporaria-capsulas-do-tempo\/","title":{"rendered":"Exposi\u00e7\u00e3o tempor\u00e1ria \u201cC\u00e1psulas do Tempo, o Patrim\u00f3nio Cultural Subaqu\u00e1tico dos A\u00e7ores\u201d"},"content":{"rendered":"<p>A Secretaria Regional da Educa\u00e7\u00e3o e Assuntos Culturais, por via da Dire\u00e7\u00e3o Regional dos Assuntos Culturais, atrav\u00e9s do Ecomuseu do Corvo, promove, a exposi\u00e7\u00e3o tempor\u00e1ria \u201cC\u00e1psulas do Tempo, o Patrim\u00f3nio Cultural Subaqu\u00e1tico dos A\u00e7ores\u201d.<\/p>\n\n\n\n<p>O projeto expositivo itiner\u00e1rio estar\u00e1 patente ao p\u00fablico a partir do dia 10 de outubro at\u00e9 ao dia 16 de dezembro de 2022 e surge no \u00e2mbito do Projeto Margullar 2, com co-financiamento Interreg-MAC.<\/p>\n\n\n\n<p>Pretende-se&nbsp;com esta exposi\u00e7\u00e3o dar a conhecer as hist\u00f3rias dos naufr\u00e1gios documentalmente registados nos mares a\u00e7orianos e a import\u00e2ncia geoestrat\u00e9gica do arquip\u00e9lago na expans\u00e3o europeia do s\u00e9culo XV.&nbsp;<\/p>","protected":false},"excerpt":{"rendered":"<p>A Secretaria Regional da Educa\u00e7\u00e3o e Assuntos Culturais, por via da Dire\u00e7\u00e3o Regional dos Assuntos Culturais, atrav\u00e9s do Ecomuseu do Corvo, promove, a exposi\u00e7\u00e3o tempor\u00e1ria \u201cC\u00e1psulas do Tempo, o Patrim\u00f3nio [&hellip;]<\/p>\n","protected":false},"author":3,"featured_media":2167,"comment_status":"open","ping_status":"open","sticky":false,"template":"","format":"standard","meta":{"footnotes":""},"categories":[44],"tags":[],"class_list":["post-2166","post","type-post","status-publish","format-standard","has-post-thumbnail","hentry","category-exposicoes"],"_links":{"self":[{"href":"https:\/\/ecomuseu-corvo.cultura.azores.gov.pt\/en\/wp-json\/wp\/v2\/posts\/2166","targetHints":{"allow":["GET"]}}],"collection":[{"href":"https:\/\/ecomuseu-corvo.cultura.azores.gov.pt\/en\/wp-json\/wp\/v2\/posts"}],"about":[{"href":"https:\/\/ecomuseu-corvo.cultura.azores.gov.pt\/en\/wp-json\/wp\/v2\/types\/post"}],"author":[{"embeddable":true,"href":"https:\/\/ecomuseu-corvo.cultura.azores.gov.pt\/en\/wp-json\/wp\/v2\/users\/3"}],"replies":[{"embeddable":true,"href":"https:\/\/ecomuseu-corvo.cultura.azores.gov.pt\/en\/wp-json\/wp\/v2\/comments?post=2166"}],"version-history":[{"count":4,"href":"https:\/\/ecomuseu-corvo.cultura.azores.gov.pt\/en\/wp-json\/wp\/v2\/posts\/2166\/revisions"}],"predecessor-version":[{"id":2192,"href":"https:\/\/ecomuseu-corvo.cultura.azores.gov.pt\/en\/wp-json\/wp\/v2\/posts\/2166\/revisions\/2192"}],"wp:featuredmedia":[{"embeddable":true,"href":"https:\/\/ecomuseu-corvo.cultura.azores.gov.pt\/en\/wp-json\/wp\/v2\/media\/2167"}],"wp:attachment":[{"href":"https:\/\/ecomuseu-corvo.cultura.azores.gov.pt\/en\/wp-json\/wp\/v2\/media?parent=2166"}],"wp:term":[{"taxonomy":"category","embeddable":true,"href":"https:\/\/ecomuseu-corvo.cultura.azores.gov.pt\/en\/wp-json\/wp\/v2\/categories?post=2166"},{"taxonomy":"post_tag","embeddable":true,"href":"https:\/\/ecomuseu-corvo.cultura.azores.gov.pt\/en\/wp-json\/wp\/v2\/tags?post=2166"}],"curies":[{"name":"wp","href":"https:\/\/api.w.org\/{rel}","templated":true}]}}