{"id":207,"date":"2021-12-09T14:30:38","date_gmt":"2021-12-09T15:30:38","guid":{"rendered":"https:\/\/ecomuseu-corvo.cultura.azores.gov.pt\/?p=207"},"modified":"2022-04-16T17:16:23","modified_gmt":"2022-04-16T17:16:23","slug":"noticia-de-teste-2","status":"publish","type":"post","link":"https:\/\/ecomuseu-corvo.cultura.azores.gov.pt\/en\/2021\/12\/09\/noticia-de-teste-2\/","title":{"rendered":"Exposi\u00e7\u00e3o &#8220;Retalho da Saudade&#8221;"},"content":{"rendered":"<p>Inaugura\u00e7\u00e3o da 2.\u00aa edi\u00e7\u00e3o da Exposi\u00e7\u00e3o fotogr\u00e1fica: Retalho de Saudade<br>Dia 08 de dezembro | 16h00 | Multiusos do Corvo<br>Uma imagem vale mais que mil palavras!<br>Mais do que a objetividade de um texto, a fotografia contextualiza uma viv\u00eancia, uma tradi\u00e7\u00e3o, uma \u00e9poca, a Hist\u00f3ria de uma Comunidade e a sua Identidade.<br>Nesta exposi\u00e7\u00e3o, intitulada \u201cRetalho de Saudade&#8221;, a Comunidade corvina vai poder relembrar e contar um pouco da sua Hist\u00f3ria, tal como um \u201cretalho\u201d, narrado visualmente. Aqui poder\u00e1 estabelecer uma rela\u00e7\u00e3o entre o passado e o presente e isto acontece porque as fotografias t\u00eam o poder da sensibiliza\u00e7\u00e3o &#8211; ou seja, atingem quem as observa tanto a n\u00edvel est\u00e9tico como emocional &#8211; por vezes marcada pela \u201cSaudade\u201d.<br>Quem nos visita poder\u00e1, atrav\u00e9s destas fotografias, retalhos de um passado pr\u00f3ximo, imaginar a Hist\u00f3ria e as tradi\u00e7\u00f5es desta Comunidade ancestral e resiliente.<br>Ap\u00f3s a inaugura\u00e7\u00e3o, a exposi\u00e7\u00e3o ficar\u00e1 patente at\u00e9 ao m\u00eas de julho de 2022 no seguinte hor\u00e1rio: de segunda a sexta-feira das 10h30 \u00e0s 12h30 e das 14h30 \u00e0s 17h00.<br>No atual contexto pand\u00e9mico, ser\u00e3o cumpridas todas as regras determinadas pela Autoridade de Sa\u00fade, nomeadamente o uso de m\u00e1scara, o distanciamento social e a desinfe\u00e7\u00e3o das m\u00e3os.<\/p>\n\n\n\n<figure class=\"wp-block-gallery has-nested-images columns-default is-cropped wp-block-gallery-1 is-layout-flex wp-block-gallery-is-layout-flex\">\n<figure class=\"wp-block-image size-large\"><img loading=\"lazy\" decoding=\"async\" width=\"450\" height=\"600\" data-id=\"976\" src=\"https:\/\/ecomuseu-corvo.cultura.azores.gov.pt\/wp-content\/uploads\/2022\/03\/265416102_274816498029344_1746836015894142387_n.jpg\" alt=\"\" class=\"wp-image-976\" srcset=\"https:\/\/ecomuseu-corvo.cultura.azores.gov.pt\/wp-content\/uploads\/2022\/03\/265416102_274816498029344_1746836015894142387_n.jpg 450w, https:\/\/ecomuseu-corvo.cultura.azores.gov.pt\/wp-content\/uploads\/2022\/03\/265416102_274816498029344_1746836015894142387_n-225x300.jpg 225w, https:\/\/ecomuseu-corvo.cultura.azores.gov.pt\/wp-content\/uploads\/2022\/03\/265416102_274816498029344_1746836015894142387_n-9x12.jpg 9w\" sizes=\"auto, (max-width: 450px) 100vw, 450px\" \/><\/figure>\n\n\n\n<figure class=\"wp-block-image size-large\"><img loading=\"lazy\" decoding=\"async\" width=\"450\" height=\"600\" data-id=\"974\" src=\"https:\/\/ecomuseu-corvo.cultura.azores.gov.pt\/wp-content\/uploads\/2022\/03\/265407185_274818301362497_8799801231663708232_n.jpg\" alt=\"\" class=\"wp-image-974\" srcset=\"https:\/\/ecomuseu-corvo.cultura.azores.gov.pt\/wp-content\/uploads\/2022\/03\/265407185_274818301362497_8799801231663708232_n.jpg 450w, https:\/\/ecomuseu-corvo.cultura.azores.gov.pt\/wp-content\/uploads\/2022\/03\/265407185_274818301362497_8799801231663708232_n-225x300.jpg 225w, https:\/\/ecomuseu-corvo.cultura.azores.gov.pt\/wp-content\/uploads\/2022\/03\/265407185_274818301362497_8799801231663708232_n-9x12.jpg 9w\" sizes=\"auto, (max-width: 450px) 100vw, 450px\" \/><\/figure>\n\n\n\n<figure class=\"wp-block-image size-large\"><img loading=\"lazy\" decoding=\"async\" width=\"450\" height=\"600\" data-id=\"973\" src=\"https:\/\/ecomuseu-corvo.cultura.azores.gov.pt\/wp-content\/uploads\/2022\/03\/264986548_274689141375413_4523553548329818160_n.jpg\" alt=\"\" class=\"wp-image-973\" srcset=\"https:\/\/ecomuseu-corvo.cultura.azores.gov.pt\/wp-content\/uploads\/2022\/03\/264986548_274689141375413_4523553548329818160_n.jpg 450w, https:\/\/ecomuseu-corvo.cultura.azores.gov.pt\/wp-content\/uploads\/2022\/03\/264986548_274689141375413_4523553548329818160_n-225x300.jpg 225w, https:\/\/ecomuseu-corvo.cultura.azores.gov.pt\/wp-content\/uploads\/2022\/03\/264986548_274689141375413_4523553548329818160_n-9x12.jpg 9w\" sizes=\"auto, (max-width: 450px) 100vw, 450px\" \/><\/figure>\n\n\n\n<figure class=\"wp-block-image size-large\"><img loading=\"lazy\" decoding=\"async\" width=\"450\" height=\"600\" data-id=\"977\" src=\"https:\/\/ecomuseu-corvo.cultura.azores.gov.pt\/wp-content\/uploads\/2022\/03\/265759374_274816681362659_96929312745584057_n.jpg\" alt=\"\" class=\"wp-image-977\" srcset=\"https:\/\/ecomuseu-corvo.cultura.azores.gov.pt\/wp-content\/uploads\/2022\/03\/265759374_274816681362659_96929312745584057_n.jpg 450w, https:\/\/ecomuseu-corvo.cultura.azores.gov.pt\/wp-content\/uploads\/2022\/03\/265759374_274816681362659_96929312745584057_n-225x300.jpg 225w, https:\/\/ecomuseu-corvo.cultura.azores.gov.pt\/wp-content\/uploads\/2022\/03\/265759374_274816681362659_96929312745584057_n-9x12.jpg 9w\" sizes=\"auto, (max-width: 450px) 100vw, 450px\" \/><\/figure>\n\n\n\n<figure class=\"wp-block-image size-large\"><img loading=\"lazy\" decoding=\"async\" width=\"450\" height=\"600\" data-id=\"975\" src=\"https:\/\/ecomuseu-corvo.cultura.azores.gov.pt\/wp-content\/uploads\/2022\/03\/265770950_274816481362679_6513667387764570396_n.jpg\" alt=\"\" class=\"wp-image-975\" srcset=\"https:\/\/ecomuseu-corvo.cultura.azores.gov.pt\/wp-content\/uploads\/2022\/03\/265770950_274816481362679_6513667387764570396_n.jpg 450w, https:\/\/ecomuseu-corvo.cultura.azores.gov.pt\/wp-content\/uploads\/2022\/03\/265770950_274816481362679_6513667387764570396_n-225x300.jpg 225w, https:\/\/ecomuseu-corvo.cultura.azores.gov.pt\/wp-content\/uploads\/2022\/03\/265770950_274816481362679_6513667387764570396_n-9x12.jpg 9w\" sizes=\"auto, (max-width: 450px) 100vw, 450px\" \/><\/figure>\n\n\n\n<figure class=\"wp-block-image size-large\"><img loading=\"lazy\" decoding=\"async\" width=\"450\" height=\"600\" data-id=\"980\" src=\"https:\/\/ecomuseu-corvo.cultura.azores.gov.pt\/wp-content\/uploads\/2021\/07\/265691649_274816598029334_506294913725754342_n-1.jpg\" alt=\"\" class=\"wp-image-980\" srcset=\"https:\/\/ecomuseu-corvo.cultura.azores.gov.pt\/wp-content\/uploads\/2021\/07\/265691649_274816598029334_506294913725754342_n-1.jpg 450w, https:\/\/ecomuseu-corvo.cultura.azores.gov.pt\/wp-content\/uploads\/2021\/07\/265691649_274816598029334_506294913725754342_n-1-225x300.jpg 225w, https:\/\/ecomuseu-corvo.cultura.azores.gov.pt\/wp-content\/uploads\/2021\/07\/265691649_274816598029334_506294913725754342_n-1-9x12.jpg 9w\" sizes=\"auto, (max-width: 450px) 100vw, 450px\" \/><\/figure>\n<\/figure>\n\n\n\n<p>Obrigada aos que compareceram na inaugura\u00e7\u00e3o da exposi\u00e7\u00e3o Retalho de Saudade. Nesta exposi\u00e7\u00e3o, al\u00e9m de revisitarmos os retalhos da Hist\u00f3ria do Corvo e das suas tradi\u00e7\u00f5es, prest\u00e1mos uma homenagem aos Corvinos que fazem parte da Hist\u00f3ria contada por aquelas fotografias num dia muito especial: o dia da padroeira de Portugal. A mesma vai continuar patente at\u00e9 julho de 2022. Aguardamos a vossa visita.<\/p>","protected":false},"excerpt":{"rendered":"<p>Inaugura\u00e7\u00e3o da 2.\u00aa edi\u00e7\u00e3o da Exposi\u00e7\u00e3o fotogr\u00e1fica: Retalho de SaudadeDia 08 de dezembro | 16h00 | Multiusos do CorvoUma imagem vale mais que mil palavras!Mais do que a objetividade de [&hellip;]<\/p>\n","protected":false},"author":3,"featured_media":814,"comment_status":"open","ping_status":"open","sticky":false,"template":"","format":"standard","meta":{"footnotes":""},"categories":[44],"tags":[],"class_list":["post-207","post","type-post","status-publish","format-standard","has-post-thumbnail","hentry","category-exposicoes"],"_links":{"self":[{"href":"https:\/\/ecomuseu-corvo.cultura.azores.gov.pt\/en\/wp-json\/wp\/v2\/posts\/207","targetHints":{"allow":["GET"]}}],"collection":[{"href":"https:\/\/ecomuseu-corvo.cultura.azores.gov.pt\/en\/wp-json\/wp\/v2\/posts"}],"about":[{"href":"https:\/\/ecomuseu-corvo.cultura.azores.gov.pt\/en\/wp-json\/wp\/v2\/types\/post"}],"author":[{"embeddable":true,"href":"https:\/\/ecomuseu-corvo.cultura.azores.gov.pt\/en\/wp-json\/wp\/v2\/users\/3"}],"replies":[{"embeddable":true,"href":"https:\/\/ecomuseu-corvo.cultura.azores.gov.pt\/en\/wp-json\/wp\/v2\/comments?post=207"}],"version-history":[{"count":5,"href":"https:\/\/ecomuseu-corvo.cultura.azores.gov.pt\/en\/wp-json\/wp\/v2\/posts\/207\/revisions"}],"predecessor-version":[{"id":1469,"href":"https:\/\/ecomuseu-corvo.cultura.azores.gov.pt\/en\/wp-json\/wp\/v2\/posts\/207\/revisions\/1469"}],"wp:featuredmedia":[{"embeddable":true,"href":"https:\/\/ecomuseu-corvo.cultura.azores.gov.pt\/en\/wp-json\/wp\/v2\/media\/814"}],"wp:attachment":[{"href":"https:\/\/ecomuseu-corvo.cultura.azores.gov.pt\/en\/wp-json\/wp\/v2\/media?parent=207"}],"wp:term":[{"taxonomy":"category","embeddable":true,"href":"https:\/\/ecomuseu-corvo.cultura.azores.gov.pt\/en\/wp-json\/wp\/v2\/categories?post=207"},{"taxonomy":"post_tag","embeddable":true,"href":"https:\/\/ecomuseu-corvo.cultura.azores.gov.pt\/en\/wp-json\/wp\/v2\/tags?post=207"}],"curies":[{"name":"wp","href":"https:\/\/api.w.org\/{rel}","templated":true}]}}