{"id":205,"date":"2021-09-17T14:26:00","date_gmt":"2021-09-17T14:26:00","guid":{"rendered":"https:\/\/ecomuseu-corvo.cultura.azores.gov.pt\/?p=205"},"modified":"2022-03-15T15:59:25","modified_gmt":"2022-03-15T16:59:25","slug":"noticia-de-teste-1","status":"publish","type":"post","link":"https:\/\/ecomuseu-corvo.cultura.azores.gov.pt\/en\/2021\/09\/17\/noticia-de-teste-1\/","title":{"rendered":"Arque\u00f3logo por um dia"},"content":{"rendered":"<p>O Ecomuseu do Corvo, atrav\u00e9s da Dire\u00e7\u00e3o Regional da Cultura e em parceria com o Centro do Patrim\u00f3nio M\u00f3vel, Imaterial e Arqueol\u00f3gico dos A\u00e7ores promoveu, entre os dias 13 a 25 de setembro de 2021, a 1.\u00aa Campanha do Patrim\u00f3nio do Corvo. <\/p>\n\n\n\n<p>No \u00e2mbito desta campanha foi realizada uma atividade de sensibiliza\u00e7\u00e3o para o patrim\u00f3nio arqueol\u00f3gico, intitulada \u201cArque\u00f3logo por um dia\u201d, destinada aos alunos do 3.\u00ba ciclo da EBS Mouzinho da Silveira.<br>Esta foi uma importante oportunidade para se sensibilizar os mais jovens para o Patrim\u00f3nio envolvendo-os em a\u00e7\u00f5es de valoriza\u00e7\u00e3o e de salvaguarda do mesmo.<br>Dia 16\/09\/2021| \u00e0s 15h30 | No p\u00e1tio da EBS Mouzinho da Silveira<\/p>\n\n\n\n<figure class=\"wp-block-image size-full\"><img loading=\"lazy\" decoding=\"async\" width=\"600\" height=\"424\" src=\"https:\/\/ecomuseu-corvo.cultura.azores.gov.pt\/wp-content\/uploads\/2022\/03\/arqueologo_por_um-dia_face.jpg\" alt=\"\" class=\"wp-image-768\" srcset=\"https:\/\/ecomuseu-corvo.cultura.azores.gov.pt\/wp-content\/uploads\/2022\/03\/arqueologo_por_um-dia_face.jpg 600w, https:\/\/ecomuseu-corvo.cultura.azores.gov.pt\/wp-content\/uploads\/2022\/03\/arqueologo_por_um-dia_face-300x212.jpg 300w, https:\/\/ecomuseu-corvo.cultura.azores.gov.pt\/wp-content\/uploads\/2022\/03\/arqueologo_por_um-dia_face-18x12.jpg 18w\" sizes=\"auto, (max-width: 600px) 100vw, 600px\" \/><\/figure>\n\n\n\n<figure class=\"wp-block-gallery has-nested-images columns-default is-cropped wp-block-gallery-1 is-layout-flex wp-block-gallery-is-layout-flex\">\n<figure class=\"wp-block-image size-large\"><img loading=\"lazy\" decoding=\"async\" width=\"450\" height=\"600\" data-id=\"968\" src=\"https:\/\/ecomuseu-corvo.cultura.azores.gov.pt\/wp-content\/uploads\/2022\/03\/242164650_220121710165490_8179841949990048392_n-1.jpg\" alt=\"\" class=\"wp-image-968\" srcset=\"https:\/\/ecomuseu-corvo.cultura.azores.gov.pt\/wp-content\/uploads\/2022\/03\/242164650_220121710165490_8179841949990048392_n-1.jpg 450w, https:\/\/ecomuseu-corvo.cultura.azores.gov.pt\/wp-content\/uploads\/2022\/03\/242164650_220121710165490_8179841949990048392_n-1-225x300.jpg 225w, https:\/\/ecomuseu-corvo.cultura.azores.gov.pt\/wp-content\/uploads\/2022\/03\/242164650_220121710165490_8179841949990048392_n-1-9x12.jpg 9w\" sizes=\"auto, (max-width: 450px) 100vw, 450px\" \/><\/figure>\n\n\n\n<figure class=\"wp-block-image size-large\"><img loading=\"lazy\" decoding=\"async\" width=\"450\" height=\"600\" data-id=\"967\" src=\"https:\/\/ecomuseu-corvo.cultura.azores.gov.pt\/wp-content\/uploads\/2022\/03\/242209411_220121886832139_5882843863619460416_n-1.jpg\" alt=\"\" class=\"wp-image-967\" srcset=\"https:\/\/ecomuseu-corvo.cultura.azores.gov.pt\/wp-content\/uploads\/2022\/03\/242209411_220121886832139_5882843863619460416_n-1.jpg 450w, https:\/\/ecomuseu-corvo.cultura.azores.gov.pt\/wp-content\/uploads\/2022\/03\/242209411_220121886832139_5882843863619460416_n-1-225x300.jpg 225w, https:\/\/ecomuseu-corvo.cultura.azores.gov.pt\/wp-content\/uploads\/2022\/03\/242209411_220121886832139_5882843863619460416_n-1-9x12.jpg 9w\" sizes=\"auto, (max-width: 450px) 100vw, 450px\" \/><\/figure>\n\n\n\n<figure class=\"wp-block-image size-large\"><img loading=\"lazy\" decoding=\"async\" width=\"450\" height=\"600\" data-id=\"965\" src=\"https:\/\/ecomuseu-corvo.cultura.azores.gov.pt\/wp-content\/uploads\/2022\/03\/242152005_220121733498821_4415889151096828898_n-1.jpg\" alt=\"\" class=\"wp-image-965\" srcset=\"https:\/\/ecomuseu-corvo.cultura.azores.gov.pt\/wp-content\/uploads\/2022\/03\/242152005_220121733498821_4415889151096828898_n-1.jpg 450w, https:\/\/ecomuseu-corvo.cultura.azores.gov.pt\/wp-content\/uploads\/2022\/03\/242152005_220121733498821_4415889151096828898_n-1-225x300.jpg 225w, https:\/\/ecomuseu-corvo.cultura.azores.gov.pt\/wp-content\/uploads\/2022\/03\/242152005_220121733498821_4415889151096828898_n-1-9x12.jpg 9w\" sizes=\"auto, (max-width: 450px) 100vw, 450px\" \/><\/figure>\n\n\n\n<figure class=\"wp-block-image size-large\"><img loading=\"lazy\" decoding=\"async\" width=\"450\" height=\"600\" data-id=\"970\" src=\"https:\/\/ecomuseu-corvo.cultura.azores.gov.pt\/wp-content\/uploads\/2022\/03\/242131657_220121850165476_6427088822125090998_n-1.jpg\" alt=\"\" class=\"wp-image-970\" srcset=\"https:\/\/ecomuseu-corvo.cultura.azores.gov.pt\/wp-content\/uploads\/2022\/03\/242131657_220121850165476_6427088822125090998_n-1.jpg 450w, https:\/\/ecomuseu-corvo.cultura.azores.gov.pt\/wp-content\/uploads\/2022\/03\/242131657_220121850165476_6427088822125090998_n-1-225x300.jpg 225w, https:\/\/ecomuseu-corvo.cultura.azores.gov.pt\/wp-content\/uploads\/2022\/03\/242131657_220121850165476_6427088822125090998_n-1-9x12.jpg 9w\" sizes=\"auto, (max-width: 450px) 100vw, 450px\" \/><\/figure>\n\n\n\n<figure class=\"wp-block-image size-large\"><img loading=\"lazy\" decoding=\"async\" width=\"450\" height=\"600\" data-id=\"966\" src=\"https:\/\/ecomuseu-corvo.cultura.azores.gov.pt\/wp-content\/uploads\/2022\/03\/242220534_220121800165481_5295101454027117393_n-1.jpg\" alt=\"\" class=\"wp-image-966\" srcset=\"https:\/\/ecomuseu-corvo.cultura.azores.gov.pt\/wp-content\/uploads\/2022\/03\/242220534_220121800165481_5295101454027117393_n-1.jpg 450w, https:\/\/ecomuseu-corvo.cultura.azores.gov.pt\/wp-content\/uploads\/2022\/03\/242220534_220121800165481_5295101454027117393_n-1-225x300.jpg 225w, https:\/\/ecomuseu-corvo.cultura.azores.gov.pt\/wp-content\/uploads\/2022\/03\/242220534_220121800165481_5295101454027117393_n-1-9x12.jpg 9w\" sizes=\"auto, (max-width: 450px) 100vw, 450px\" \/><\/figure>\n\n\n\n<figure class=\"wp-block-image size-large\"><img loading=\"lazy\" decoding=\"async\" width=\"450\" height=\"600\" data-id=\"969\" src=\"https:\/\/ecomuseu-corvo.cultura.azores.gov.pt\/wp-content\/uploads\/2022\/03\/242186577_220121920165469_5992224923054217586_n-1.jpg\" alt=\"\" class=\"wp-image-969\" srcset=\"https:\/\/ecomuseu-corvo.cultura.azores.gov.pt\/wp-content\/uploads\/2022\/03\/242186577_220121920165469_5992224923054217586_n-1.jpg 450w, https:\/\/ecomuseu-corvo.cultura.azores.gov.pt\/wp-content\/uploads\/2022\/03\/242186577_220121920165469_5992224923054217586_n-1-225x300.jpg 225w, https:\/\/ecomuseu-corvo.cultura.azores.gov.pt\/wp-content\/uploads\/2022\/03\/242186577_220121920165469_5992224923054217586_n-1-9x12.jpg 9w\" sizes=\"auto, (max-width: 450px) 100vw, 450px\" \/><\/figure>\n<\/figure>","protected":false},"excerpt":{"rendered":"<p>O Ecomuseu do Corvo, atrav\u00e9s da Dire\u00e7\u00e3o Regional da Cultura e em parceria com o Centro do Patrim\u00f3nio M\u00f3vel, Imaterial e Arqueol\u00f3gico dos A\u00e7ores promoveu, entre os dias 13 a [&hellip;]<\/p>\n","protected":false},"author":3,"featured_media":768,"comment_status":"open","ping_status":"open","sticky":false,"template":"templates\/template-full-width.php","format":"standard","meta":{"footnotes":""},"categories":[42],"tags":[],"class_list":["post-205","post","type-post","status-publish","format-standard","has-post-thumbnail","hentry","category-oficinas-e-workshops"],"_links":{"self":[{"href":"https:\/\/ecomuseu-corvo.cultura.azores.gov.pt\/en\/wp-json\/wp\/v2\/posts\/205","targetHints":{"allow":["GET"]}}],"collection":[{"href":"https:\/\/ecomuseu-corvo.cultura.azores.gov.pt\/en\/wp-json\/wp\/v2\/posts"}],"about":[{"href":"https:\/\/ecomuseu-corvo.cultura.azores.gov.pt\/en\/wp-json\/wp\/v2\/types\/post"}],"author":[{"embeddable":true,"href":"https:\/\/ecomuseu-corvo.cultura.azores.gov.pt\/en\/wp-json\/wp\/v2\/users\/3"}],"replies":[{"embeddable":true,"href":"https:\/\/ecomuseu-corvo.cultura.azores.gov.pt\/en\/wp-json\/wp\/v2\/comments?post=205"}],"version-history":[{"count":4,"href":"https:\/\/ecomuseu-corvo.cultura.azores.gov.pt\/en\/wp-json\/wp\/v2\/posts\/205\/revisions"}],"predecessor-version":[{"id":971,"href":"https:\/\/ecomuseu-corvo.cultura.azores.gov.pt\/en\/wp-json\/wp\/v2\/posts\/205\/revisions\/971"}],"wp:featuredmedia":[{"embeddable":true,"href":"https:\/\/ecomuseu-corvo.cultura.azores.gov.pt\/en\/wp-json\/wp\/v2\/media\/768"}],"wp:attachment":[{"href":"https:\/\/ecomuseu-corvo.cultura.azores.gov.pt\/en\/wp-json\/wp\/v2\/media?parent=205"}],"wp:term":[{"taxonomy":"category","embeddable":true,"href":"https:\/\/ecomuseu-corvo.cultura.azores.gov.pt\/en\/wp-json\/wp\/v2\/categories?post=205"},{"taxonomy":"post_tag","embeddable":true,"href":"https:\/\/ecomuseu-corvo.cultura.azores.gov.pt\/en\/wp-json\/wp\/v2\/tags?post=205"}],"curies":[{"name":"wp","href":"https:\/\/api.w.org\/{rel}","templated":true}]}}