{"id":1986,"date":"2022-09-07T16:41:00","date_gmt":"2022-09-07T16:41:00","guid":{"rendered":"https:\/\/ecomuseu-corvo.cultura.azores.gov.pt\/?p=1986"},"modified":"2022-10-14T20:20:36","modified_gmt":"2022-10-14T20:20:36","slug":"noites-de-rua-cheia","status":"publish","type":"post","link":"https:\/\/ecomuseu-corvo.cultura.azores.gov.pt\/en\/2022\/09\/07\/noites-de-rua-cheia\/","title":{"rendered":"Noites de &#8220;Rua Cheia&#8221;"},"content":{"rendered":"<figure class=\"wp-block-gallery has-nested-images columns-default is-cropped wp-block-gallery-1 is-layout-flex wp-block-gallery-is-layout-flex\"><\/figure>\n\n\n\n<p>Entre os dias 13 de agosto a 05 de setembro, o Ecomuseu do Corvo dinamizou as \u201cNoites de Rua Cheia\u201d.<br>Com esta atividade pretendeu-se proporcionar, a toda a popula\u00e7\u00e3o do Corvo e a quem nos visita, uma oferta cultural e recreativa, atrav\u00e9s da dinamiza\u00e7\u00e3o de espa\u00e7os p\u00fablicos de interesse patrimonial.<\/p>\n\n\n\n<p><strong>Lan\u00e7amento do livro &#8220;A Ind\u00fastria Baleeira dos A\u00e7ores&#8221;<\/strong><\/p>\n\n\n\n<p>No passado dia 13\/08, apresent\u00e1mos o Livro de Jos\u00e9 Carlos Garcia \u201cA ind\u00fastria baleeira dos A\u00e7ores\u201d. Mais do que a apresenta\u00e7\u00e3o do livro, pretendeu-se divulgar a Cultura e a Hist\u00f3ria dos A\u00e7ores. <\/p>\n\n\n\n<p>Jos\u00e9 Carlos Garcia, natural de S\u00e3o Roque do Pico, \u00e9 licenciado em Sociologia pela Universidade dos A\u00e7ores (2001), onde teve o estatuto de colaborador do Centro \/Gabinete de Estudos Etnol\u00f3gicos, entre 1998 e 2018. \u00c9 investigador na \u00e1rea da antropologia da ilha do Pico, sobre a qual tem produzido trabalhos de tem\u00e1tica patrimonial e museol\u00f3gica. Em 2001, integrou o projeto de organiza\u00e7\u00e3o do Museu dos Bombeiros Volunt\u00e1rios de Ponta Delgada.<\/p>\n\n\n\n<p>Como autor, conta j\u00e1 com v\u00e1rias publica\u00e7\u00f5es, nomeadamente sobre a tem\u00e1tica baleeira, tendo editado o seu primeiro livro em 1998.<\/p>\n\n\n\n<p><strong>Apresenta\u00e7\u00e3o do livro<\/strong><\/p>\n\n\n\n<p><strong>\u201cA Ind\u00fastria baleeira dos A\u00e7ores\u201d<\/strong>, \u00e9 um livro editado, em 2021, pelo Observat\u00f3rio do Mar dos A\u00e7ores (OMA), que contou com o apoio cient\u00edfico do Centro de Estudos Human\u00edsticos da Universidade dos A\u00e7ores.<\/p>\n\n\n\n<p>Trata-se de um trabalho desenvolvido sob orienta\u00e7\u00e3o de Rui de Sousa Martins, membro da Comiss\u00e3o Coordenadora Cient\u00edfica do Centro de Estudos Human\u00edsticos da Universidade dos A\u00e7ores, resulta de um trabalho de investiga\u00e7\u00e3o, realizado ao longo de quatro anos, sobre a balea\u00e7\u00e3o A\u00e7oriana, parte integrante da identidade cultural da Regi\u00e3o, assumindo-se como um excelente contributo para o estudo da ind\u00fastria baleeira dos A\u00e7ores.<\/p>\n\n\n\n<p>No seu livro Jos\u00e9 Carlos Garcia aborda, de forma sist\u00e9mica e numa perspetiva antropol\u00f3gica, a \u201ccetofauna,&nbsp;a riqueza das&nbsp;baleias arrojadas, a importa\u00e7\u00e3o do&nbsp;azeite de peixe&nbsp;do Brasil, a passagem da balea\u00e7\u00e3o atl\u00e2ntica anglo-norte-americana, que privilegiou o cachalote, e o desenvolvimento da sua pesca long\u00ednqua, interinsular e local\u201d.<\/p>\n\n\n\n<p>Ao longo de mais de 200 p\u00e1ginas o autor retrata, de forma detalhada, a ind\u00fastria baleeira dos A\u00e7ores, desde os tempos mais remotos da coloniza\u00e7\u00e3o, em que o aproveitamento destes cet\u00e1ceos arrojados era feito, apenas, ocasionalmente quando estes davam \u00e0 costa, mas cujos proveitos eram monop\u00f3lio r\u00e9gio.<\/p>\n\n\n\n<p>Retrata, igualmente, o impacto que esta atividade teve na economia e &nbsp;no desenvolvimento local e Regional entre os s\u00e9culos XVIII e o s\u00e9c. XX (1984, ano em que esta atividade foi proibida).<\/p>\n\n\n\n<p>Com base em documenta\u00e7\u00e3o, de diferentes tipologias, bem como em depoimentos recolhidos pelo autor, este livro vai al\u00e9m do conceito de industria baleeira e alonga-se no conceito de cultura baleeira.<\/p>\n\n\n\n<p>Para al\u00e9m da interpreta\u00e7\u00e3o e descri\u00e7\u00e3o da ind\u00fastria baleeira quer a <strong>itinerante<\/strong> (1765-1927), quer a <strong>sedent\u00e1ria<\/strong>, tamb\u00e9m considerada \u201cind\u00fastria-rel\u00edquia\u201d, numa primeira fase manufatureira e numa segunda fase industrial (1851-1984); faz, tamb\u00e9m, uma abordagem das condicionantes sociais, geogr\u00e1ficas e paisag\u00edsticas; dos fen\u00f3menos sist\u00e9micos da pr\u00f3pria ind\u00fastria; dos h\u00e1bitos de consumo; das normas dos poderes p\u00fablicos, central e local; dos ciclos da balea\u00e7\u00e3o atl\u00e2ntica e das capturas mundiais.<\/p>\n\n\n\n<p>Este livro n\u00e3o deixa de abordar e especificar as bases materiais da balea\u00e7\u00e3o em todas as ilhas do Arquip\u00e9lago dos A\u00e7ores e fazer a sua liga\u00e7\u00e3o com todo um conjunto de processos sociais, l\u00fadicos, patrimoniais e tur\u00edsticos, que permitem associar uma atividade \u201cmem\u00f3ria\u201d a novas realidades com as quais os A\u00e7ores se identificam.<\/p>\n\n\n\n<p>Este livro \u00e9, sem d\u00favida, um livro memor\u00e1vel e um excelente contributo para o estudo da ind\u00fastria baleeira dos A\u00e7ores, numa perspetiva antropol\u00f3gica.<\/p>\n\n\n\n<p>Um livro que guarda a mem\u00f3ria de um povo trabalhador e resiliente que soube enfrentar as dificuldades e que Dias de Melo t\u00e3o bem captou na sua obra \u201cVida vivida em terras de baleeiros\u201d, e que Jos\u00e9 Carlos Garcia reproduz no introito do seu livro:<\/p>\n\n\n\n<p>\u201cMas a nossa grande aventura, a nossa grande epopeia baleeira.<\/p>\n\n\n\n<p>Cresc\u00edamos. Entre alegrias e tristezas, baleias que mat\u00e1vamos, baleias que nos matavam, temporais que venc\u00edamos, temporais que nos venciam e afogavam, as nossas cantigas floriam no ch\u00e3o da nossa terra, as nossas hist\u00f3rias minavam o ber\u00e7o do nosso sonho, as nossas l\u00e1grimas ensopavam o sal do nosso mar \u2013 deste nosso mar que se tornava pequeno para a imensidade da nossa fome\u201d. &nbsp;<\/p>\n\n\n\n<p>Dias de Melo, <em>Vida vivida em terras de baleeiros<\/em>, 1983, p.57<\/p>\n\n\n\n<p>Por \u00faltimo, gostaria de dizer que, como professora, gostaria de ver a tem\u00e1tica da hist\u00f3ria da balea\u00e7\u00e3o, integrada no curr\u00edculo regional.<\/p>\n\n\n\n<p>A transmiss\u00e3o deste conhecimento \u00e9 essencial para que a mem\u00f3ria e a hist\u00f3ria da balea\u00e7\u00e3o perdurem no futuro. \u00c9 importante transmitir a hist\u00f3ria desta epopeia a\u00e7oriana aos nossos jovens, na qual a obra de Jos\u00e9 Carlos Garcia se enquadra na perfei\u00e7\u00e3o.&nbsp;<\/p>\n\n\n\n<p>Obrigada a todos os que marcaram presen\u00e7a e ajudaram na dinamiza\u00e7\u00e3o desta atividade. <\/p>\n\n\n\n<p>Deolinda Est\u00eav\u00e3o<\/p>\n\n\n\n<p><\/p>\n\n\n\n<figure class=\"wp-block-gallery has-nested-images columns-default is-cropped wp-block-gallery-2 is-layout-flex wp-block-gallery-is-layout-flex\">\n<figure class=\"wp-block-image size-large\"><img loading=\"lazy\" decoding=\"async\" width=\"600\" height=\"450\" data-id=\"1990\" src=\"https:\/\/ecomuseu-corvo.cultura.azores.gov.pt\/wp-content\/uploads\/2022\/09\/300189086_440906078087051_5111130632930858068_n.jpg\" alt=\"\" class=\"wp-image-1990\" srcset=\"https:\/\/ecomuseu-corvo.cultura.azores.gov.pt\/wp-content\/uploads\/2022\/09\/300189086_440906078087051_5111130632930858068_n.jpg 600w, https:\/\/ecomuseu-corvo.cultura.azores.gov.pt\/wp-content\/uploads\/2022\/09\/300189086_440906078087051_5111130632930858068_n-300x225.jpg 300w, https:\/\/ecomuseu-corvo.cultura.azores.gov.pt\/wp-content\/uploads\/2022\/09\/300189086_440906078087051_5111130632930858068_n-16x12.jpg 16w\" sizes=\"auto, (max-width: 600px) 100vw, 600px\" \/><\/figure>\n\n\n\n<figure class=\"wp-block-image size-large\"><img loading=\"lazy\" decoding=\"async\" width=\"600\" height=\"450\" data-id=\"1989\" src=\"https:\/\/ecomuseu-corvo.cultura.azores.gov.pt\/wp-content\/uploads\/2022\/09\/300002682_440905814753744_6519196481308047593_n.jpg\" alt=\"\" class=\"wp-image-1989\" srcset=\"https:\/\/ecomuseu-corvo.cultura.azores.gov.pt\/wp-content\/uploads\/2022\/09\/300002682_440905814753744_6519196481308047593_n.jpg 600w, https:\/\/ecomuseu-corvo.cultura.azores.gov.pt\/wp-content\/uploads\/2022\/09\/300002682_440905814753744_6519196481308047593_n-300x225.jpg 300w, https:\/\/ecomuseu-corvo.cultura.azores.gov.pt\/wp-content\/uploads\/2022\/09\/300002682_440905814753744_6519196481308047593_n-16x12.jpg 16w\" sizes=\"auto, (max-width: 600px) 100vw, 600px\" \/><\/figure>\n\n\n\n<figure class=\"wp-block-image size-large\"><img loading=\"lazy\" decoding=\"async\" width=\"600\" height=\"450\" data-id=\"1987\" src=\"https:\/\/ecomuseu-corvo.cultura.azores.gov.pt\/wp-content\/uploads\/2022\/09\/299933219_440905844753741_6364840186210490860_n.jpg\" alt=\"\" class=\"wp-image-1987\" srcset=\"https:\/\/ecomuseu-corvo.cultura.azores.gov.pt\/wp-content\/uploads\/2022\/09\/299933219_440905844753741_6364840186210490860_n.jpg 600w, https:\/\/ecomuseu-corvo.cultura.azores.gov.pt\/wp-content\/uploads\/2022\/09\/299933219_440905844753741_6364840186210490860_n-300x225.jpg 300w, https:\/\/ecomuseu-corvo.cultura.azores.gov.pt\/wp-content\/uploads\/2022\/09\/299933219_440905844753741_6364840186210490860_n-16x12.jpg 16w\" sizes=\"auto, (max-width: 600px) 100vw, 600px\" \/><\/figure>\n\n\n\n<figure class=\"wp-block-image size-large\"><img loading=\"lazy\" decoding=\"async\" width=\"600\" height=\"450\" data-id=\"1988\" src=\"https:\/\/ecomuseu-corvo.cultura.azores.gov.pt\/wp-content\/uploads\/2022\/09\/299818931_440202741490718_6639271870014537369_n.jpg\" alt=\"\" class=\"wp-image-1988\" srcset=\"https:\/\/ecomuseu-corvo.cultura.azores.gov.pt\/wp-content\/uploads\/2022\/09\/299818931_440202741490718_6639271870014537369_n.jpg 600w, https:\/\/ecomuseu-corvo.cultura.azores.gov.pt\/wp-content\/uploads\/2022\/09\/299818931_440202741490718_6639271870014537369_n-300x225.jpg 300w, https:\/\/ecomuseu-corvo.cultura.azores.gov.pt\/wp-content\/uploads\/2022\/09\/299818931_440202741490718_6639271870014537369_n-16x12.jpg 16w\" sizes=\"auto, (max-width: 600px) 100vw, 600px\" \/><\/figure>\n<\/figure>\n\n\n\n<figure class=\"wp-block-gallery has-nested-images columns-default is-cropped wp-block-gallery-3 is-layout-flex wp-block-gallery-is-layout-flex\">\n<figure class=\"wp-block-image size-large\"><img loading=\"lazy\" decoding=\"async\" width=\"450\" height=\"600\" data-id=\"1991\" src=\"https:\/\/ecomuseu-corvo.cultura.azores.gov.pt\/wp-content\/uploads\/2022\/09\/300246161_440905888087070_7169002010766209231_n.jpg\" alt=\"\" class=\"wp-image-1991\" srcset=\"https:\/\/ecomuseu-corvo.cultura.azores.gov.pt\/wp-content\/uploads\/2022\/09\/300246161_440905888087070_7169002010766209231_n.jpg 450w, https:\/\/ecomuseu-corvo.cultura.azores.gov.pt\/wp-content\/uploads\/2022\/09\/300246161_440905888087070_7169002010766209231_n-225x300.jpg 225w, https:\/\/ecomuseu-corvo.cultura.azores.gov.pt\/wp-content\/uploads\/2022\/09\/300246161_440905888087070_7169002010766209231_n-9x12.jpg 9w\" sizes=\"auto, (max-width: 450px) 100vw, 450px\" \/><\/figure>\n\n\n\n<figure class=\"wp-block-image size-large\"><img loading=\"lazy\" decoding=\"async\" width=\"450\" height=\"600\" data-id=\"1995\" src=\"https:\/\/ecomuseu-corvo.cultura.azores.gov.pt\/wp-content\/uploads\/2022\/09\/300049505_440905788087080_3884229291980382123_n.jpg\" alt=\"\" class=\"wp-image-1995\" srcset=\"https:\/\/ecomuseu-corvo.cultura.azores.gov.pt\/wp-content\/uploads\/2022\/09\/300049505_440905788087080_3884229291980382123_n.jpg 450w, https:\/\/ecomuseu-corvo.cultura.azores.gov.pt\/wp-content\/uploads\/2022\/09\/300049505_440905788087080_3884229291980382123_n-225x300.jpg 225w, https:\/\/ecomuseu-corvo.cultura.azores.gov.pt\/wp-content\/uploads\/2022\/09\/300049505_440905788087080_3884229291980382123_n-9x12.jpg 9w\" sizes=\"auto, (max-width: 450px) 100vw, 450px\" \/><\/figure>\n\n\n\n<figure class=\"wp-block-image size-large\"><img loading=\"lazy\" decoding=\"async\" width=\"450\" height=\"599\" data-id=\"1994\" src=\"https:\/\/ecomuseu-corvo.cultura.azores.gov.pt\/wp-content\/uploads\/2022\/09\/300023531_440201461490846_8278514497298280124_n.jpg\" alt=\"\" class=\"wp-image-1994\" srcset=\"https:\/\/ecomuseu-corvo.cultura.azores.gov.pt\/wp-content\/uploads\/2022\/09\/300023531_440201461490846_8278514497298280124_n.jpg 450w, https:\/\/ecomuseu-corvo.cultura.azores.gov.pt\/wp-content\/uploads\/2022\/09\/300023531_440201461490846_8278514497298280124_n-225x300.jpg 225w, https:\/\/ecomuseu-corvo.cultura.azores.gov.pt\/wp-content\/uploads\/2022\/09\/300023531_440201461490846_8278514497298280124_n-9x12.jpg 9w\" sizes=\"auto, (max-width: 450px) 100vw, 450px\" \/><\/figure>\n\n\n\n<figure class=\"wp-block-image size-large\"><img loading=\"lazy\" decoding=\"async\" width=\"450\" height=\"600\" data-id=\"1992\" src=\"https:\/\/ecomuseu-corvo.cultura.azores.gov.pt\/wp-content\/uploads\/2022\/09\/299977131_440202738157385_2913174451932690382_n.jpg\" alt=\"\" class=\"wp-image-1992\" srcset=\"https:\/\/ecomuseu-corvo.cultura.azores.gov.pt\/wp-content\/uploads\/2022\/09\/299977131_440202738157385_2913174451932690382_n.jpg 450w, https:\/\/ecomuseu-corvo.cultura.azores.gov.pt\/wp-content\/uploads\/2022\/09\/299977131_440202738157385_2913174451932690382_n-225x300.jpg 225w, https:\/\/ecomuseu-corvo.cultura.azores.gov.pt\/wp-content\/uploads\/2022\/09\/299977131_440202738157385_2913174451932690382_n-9x12.jpg 9w\" sizes=\"auto, (max-width: 450px) 100vw, 450px\" \/><\/figure>\n\n\n\n<figure class=\"wp-block-image size-large\"><img loading=\"lazy\" decoding=\"async\" width=\"450\" height=\"600\" data-id=\"1993\" src=\"https:\/\/ecomuseu-corvo.cultura.azores.gov.pt\/wp-content\/uploads\/2022\/09\/299932079_440201351490857_7956465296101730547_n.jpg\" alt=\"\" class=\"wp-image-1993\" srcset=\"https:\/\/ecomuseu-corvo.cultura.azores.gov.pt\/wp-content\/uploads\/2022\/09\/299932079_440201351490857_7956465296101730547_n.jpg 450w, https:\/\/ecomuseu-corvo.cultura.azores.gov.pt\/wp-content\/uploads\/2022\/09\/299932079_440201351490857_7956465296101730547_n-225x300.jpg 225w, https:\/\/ecomuseu-corvo.cultura.azores.gov.pt\/wp-content\/uploads\/2022\/09\/299932079_440201351490857_7956465296101730547_n-9x12.jpg 9w\" sizes=\"auto, (max-width: 450px) 100vw, 450px\" \/><\/figure>\n\n\n\n<figure class=\"wp-block-image size-large\"><img loading=\"lazy\" decoding=\"async\" width=\"450\" height=\"600\" data-id=\"1996\" src=\"https:\/\/ecomuseu-corvo.cultura.azores.gov.pt\/wp-content\/uploads\/2022\/09\/299783178_440201374824188_6177709371821366094_n.jpg\" alt=\"\" class=\"wp-image-1996\" srcset=\"https:\/\/ecomuseu-corvo.cultura.azores.gov.pt\/wp-content\/uploads\/2022\/09\/299783178_440201374824188_6177709371821366094_n.jpg 450w, https:\/\/ecomuseu-corvo.cultura.azores.gov.pt\/wp-content\/uploads\/2022\/09\/299783178_440201374824188_6177709371821366094_n-225x300.jpg 225w, https:\/\/ecomuseu-corvo.cultura.azores.gov.pt\/wp-content\/uploads\/2022\/09\/299783178_440201374824188_6177709371821366094_n-9x12.jpg 9w\" sizes=\"auto, (max-width: 450px) 100vw, 450px\" \/><\/figure>\n<\/figure>\n\n\n\n<p><strong>Concerto com Isabel Mesquita<\/strong><\/p>\n\n\n\n<p>No 25 de agosto, pelas 21:30, o Ecomuseu do Corvo dinamizou as \u201cNoites de Rua cheia\u201d, no Largo do Outreiro, onde Isabel Mesquita apresentou o seu disco, intitulado \u201cIlh\u00e9u\u201d.<\/p>\n\n\n\n<p>Isabel Mesquita \u00e9 uma cantora, natural da ilha de Santa Maria. \u00c9 nesta ilha que inicia a sua experi\u00eancia pelo mundo da m\u00fasica. Os seus temas t\u00eam a influ\u00eancia do atl\u00e2ntico e inspira\u00e7\u00f5es da lusofonia. Canta temas originais com poemas da sua autoria, mas tamb\u00e9m de Nat\u00e1lia Correia, Florbela <a><\/a>Espanca, Paulo Ramalho e Daniel Gon\u00e7alves.<\/p>\n\n\n\n<p><\/p>\n\n\n\n<figure class=\"wp-block-gallery has-nested-images columns-default is-cropped wp-block-gallery-4 is-layout-flex wp-block-gallery-is-layout-flex\">\n<figure class=\"wp-block-image size-large\"><img loading=\"lazy\" decoding=\"async\" width=\"600\" height=\"450\" data-id=\"2013\" src=\"https:\/\/ecomuseu-corvo.cultura.azores.gov.pt\/wp-content\/uploads\/2022\/09\/IMG_2911.jpeg\" alt=\"\" class=\"wp-image-2013\" srcset=\"https:\/\/ecomuseu-corvo.cultura.azores.gov.pt\/wp-content\/uploads\/2022\/09\/IMG_2911.jpeg 600w, https:\/\/ecomuseu-corvo.cultura.azores.gov.pt\/wp-content\/uploads\/2022\/09\/IMG_2911-300x225.jpeg 300w, https:\/\/ecomuseu-corvo.cultura.azores.gov.pt\/wp-content\/uploads\/2022\/09\/IMG_2911-16x12.jpeg 16w\" sizes=\"auto, (max-width: 600px) 100vw, 600px\" \/><\/figure>\n\n\n\n<figure class=\"wp-block-image size-large\"><img loading=\"lazy\" decoding=\"async\" width=\"600\" height=\"450\" data-id=\"2015\" src=\"https:\/\/ecomuseu-corvo.cultura.azores.gov.pt\/wp-content\/uploads\/2022\/09\/IMG_2899-1.jpeg\" alt=\"\" class=\"wp-image-2015\" srcset=\"https:\/\/ecomuseu-corvo.cultura.azores.gov.pt\/wp-content\/uploads\/2022\/09\/IMG_2899-1.jpeg 600w, https:\/\/ecomuseu-corvo.cultura.azores.gov.pt\/wp-content\/uploads\/2022\/09\/IMG_2899-1-300x225.jpeg 300w, https:\/\/ecomuseu-corvo.cultura.azores.gov.pt\/wp-content\/uploads\/2022\/09\/IMG_2899-1-16x12.jpeg 16w\" sizes=\"auto, (max-width: 600px) 100vw, 600px\" \/><\/figure>\n\n\n\n<figure class=\"wp-block-image size-large\"><img loading=\"lazy\" decoding=\"async\" width=\"600\" height=\"450\" data-id=\"2010\" src=\"https:\/\/ecomuseu-corvo.cultura.azores.gov.pt\/wp-content\/uploads\/2022\/09\/IMG_2881.jpeg\" alt=\"\" class=\"wp-image-2010\" srcset=\"https:\/\/ecomuseu-corvo.cultura.azores.gov.pt\/wp-content\/uploads\/2022\/09\/IMG_2881.jpeg 600w, https:\/\/ecomuseu-corvo.cultura.azores.gov.pt\/wp-content\/uploads\/2022\/09\/IMG_2881-300x225.jpeg 300w, https:\/\/ecomuseu-corvo.cultura.azores.gov.pt\/wp-content\/uploads\/2022\/09\/IMG_2881-16x12.jpeg 16w\" sizes=\"auto, (max-width: 600px) 100vw, 600px\" \/><\/figure>\n\n\n\n<figure class=\"wp-block-image size-large\"><img loading=\"lazy\" decoding=\"async\" width=\"600\" height=\"450\" data-id=\"2011\" src=\"https:\/\/ecomuseu-corvo.cultura.azores.gov.pt\/wp-content\/uploads\/2022\/09\/IMG_2883.jpeg\" alt=\"\" class=\"wp-image-2011\" srcset=\"https:\/\/ecomuseu-corvo.cultura.azores.gov.pt\/wp-content\/uploads\/2022\/09\/IMG_2883.jpeg 600w, https:\/\/ecomuseu-corvo.cultura.azores.gov.pt\/wp-content\/uploads\/2022\/09\/IMG_2883-300x225.jpeg 300w, https:\/\/ecomuseu-corvo.cultura.azores.gov.pt\/wp-content\/uploads\/2022\/09\/IMG_2883-16x12.jpeg 16w\" sizes=\"auto, (max-width: 600px) 100vw, 600px\" \/><\/figure>\n\n\n\n<figure class=\"wp-block-image size-large\"><img loading=\"lazy\" decoding=\"async\" width=\"600\" height=\"450\" data-id=\"2014\" src=\"https:\/\/ecomuseu-corvo.cultura.azores.gov.pt\/wp-content\/uploads\/2022\/09\/IMG_2904.jpeg\" alt=\"\" class=\"wp-image-2014\" srcset=\"https:\/\/ecomuseu-corvo.cultura.azores.gov.pt\/wp-content\/uploads\/2022\/09\/IMG_2904.jpeg 600w, https:\/\/ecomuseu-corvo.cultura.azores.gov.pt\/wp-content\/uploads\/2022\/09\/IMG_2904-300x225.jpeg 300w, https:\/\/ecomuseu-corvo.cultura.azores.gov.pt\/wp-content\/uploads\/2022\/09\/IMG_2904-16x12.jpeg 16w\" sizes=\"auto, (max-width: 600px) 100vw, 600px\" \/><\/figure>\n\n\n\n<figure class=\"wp-block-image size-large\"><img loading=\"lazy\" decoding=\"async\" width=\"600\" height=\"450\" data-id=\"2012\" src=\"https:\/\/ecomuseu-corvo.cultura.azores.gov.pt\/wp-content\/uploads\/2022\/09\/IMG_2899.jpeg\" alt=\"\" class=\"wp-image-2012\" srcset=\"https:\/\/ecomuseu-corvo.cultura.azores.gov.pt\/wp-content\/uploads\/2022\/09\/IMG_2899.jpeg 600w, https:\/\/ecomuseu-corvo.cultura.azores.gov.pt\/wp-content\/uploads\/2022\/09\/IMG_2899-300x225.jpeg 300w, https:\/\/ecomuseu-corvo.cultura.azores.gov.pt\/wp-content\/uploads\/2022\/09\/IMG_2899-16x12.jpeg 16w\" sizes=\"auto, (max-width: 600px) 100vw, 600px\" \/><\/figure>\n\n\n\n<figure class=\"wp-block-image size-large\"><img loading=\"lazy\" decoding=\"async\" width=\"600\" height=\"450\" data-id=\"2016\" src=\"https:\/\/ecomuseu-corvo.cultura.azores.gov.pt\/wp-content\/uploads\/2022\/09\/IMG_2895.jpeg\" alt=\"\" class=\"wp-image-2016\" srcset=\"https:\/\/ecomuseu-corvo.cultura.azores.gov.pt\/wp-content\/uploads\/2022\/09\/IMG_2895.jpeg 600w, https:\/\/ecomuseu-corvo.cultura.azores.gov.pt\/wp-content\/uploads\/2022\/09\/IMG_2895-300x225.jpeg 300w, https:\/\/ecomuseu-corvo.cultura.azores.gov.pt\/wp-content\/uploads\/2022\/09\/IMG_2895-16x12.jpeg 16w\" sizes=\"auto, (max-width: 600px) 100vw, 600px\" \/><\/figure>\n\n\n\n<figure class=\"wp-block-image size-large\"><img loading=\"lazy\" decoding=\"async\" width=\"600\" height=\"450\" data-id=\"2017\" src=\"https:\/\/ecomuseu-corvo.cultura.azores.gov.pt\/wp-content\/uploads\/2022\/09\/IMG_2906.jpeg\" alt=\"\" class=\"wp-image-2017\" srcset=\"https:\/\/ecomuseu-corvo.cultura.azores.gov.pt\/wp-content\/uploads\/2022\/09\/IMG_2906.jpeg 600w, https:\/\/ecomuseu-corvo.cultura.azores.gov.pt\/wp-content\/uploads\/2022\/09\/IMG_2906-300x225.jpeg 300w, https:\/\/ecomuseu-corvo.cultura.azores.gov.pt\/wp-content\/uploads\/2022\/09\/IMG_2906-16x12.jpeg 16w\" sizes=\"auto, (max-width: 600px) 100vw, 600px\" \/><\/figure>\n\n\n\n<figure class=\"wp-block-image size-large\"><img loading=\"lazy\" decoding=\"async\" width=\"600\" height=\"450\" data-id=\"2018\" src=\"https:\/\/ecomuseu-corvo.cultura.azores.gov.pt\/wp-content\/uploads\/2022\/09\/IMG_2913.jpeg\" alt=\"\" class=\"wp-image-2018\" srcset=\"https:\/\/ecomuseu-corvo.cultura.azores.gov.pt\/wp-content\/uploads\/2022\/09\/IMG_2913.jpeg 600w, https:\/\/ecomuseu-corvo.cultura.azores.gov.pt\/wp-content\/uploads\/2022\/09\/IMG_2913-300x225.jpeg 300w, https:\/\/ecomuseu-corvo.cultura.azores.gov.pt\/wp-content\/uploads\/2022\/09\/IMG_2913-16x12.jpeg 16w\" sizes=\"auto, (max-width: 600px) 100vw, 600px\" \/><\/figure>\n<\/figure>\n\n\n\n<p><strong>Noites na Atafona &#8211; Urbansketching<\/strong><\/p>\n\n\n\n<p>Primeiro encontro sobre urbansketching na ilha do Corvo, com a realiza\u00e7\u00e3o de uma oficina, que se realizou no dia 30\/08, pelas 21h30, junto \u00e0 Atafona.<\/p>\n\n\n\n<p>Este encontro foi dinamizado por Alexandra Baptista que faz parte dos Urbansketchers Portugal A\u00e7ores, um coletivo de autores volunt\u00e1rios que tem como principal miss\u00e3o desenvolver o valor art\u00edstico e educacional do desenho in situ.<\/p>\n\n\n\n<p>Esta sketcher fixa no seu <a><\/a>caderno a fun\u00e7\u00e3o documental do quotidiano. A atitude, por vezes, contemplativa amplia o espa\u00e7o insular que se manifesta em experi\u00eancias e ensaios que instigam o conhecimento do lugar, porque \u00aba beleza vira-nos a alma do avesso e vai-se embora\u00bb Eug\u00e9nio de Andrade, mas o desenho capta o momento e imprime-o na mem\u00f3ria.<\/p>\n\n\n\n<p>Durante este primeiro encontro foi  feita uma tentativa de implementa\u00e7\u00e3o de uma pr\u00e1tica de desenho &#8220;in situ&#8221; como forma de conhecimento, que nos convida a estar e a ver atentamente o que nos rodeia e carateriza.<\/p>\n\n\n\n<figure class=\"wp-block-gallery has-nested-images columns-default is-cropped wp-block-gallery-5 is-layout-flex wp-block-gallery-is-layout-flex\">\n<figure class=\"wp-block-image size-large\"><img loading=\"lazy\" decoding=\"async\" width=\"600\" height=\"338\" data-id=\"2007\" src=\"https:\/\/ecomuseu-corvo.cultura.azores.gov.pt\/wp-content\/uploads\/2022\/09\/20220830_215453.jpg\" alt=\"\" class=\"wp-image-2007\" srcset=\"https:\/\/ecomuseu-corvo.cultura.azores.gov.pt\/wp-content\/uploads\/2022\/09\/20220830_215453.jpg 600w, https:\/\/ecomuseu-corvo.cultura.azores.gov.pt\/wp-content\/uploads\/2022\/09\/20220830_215453-300x169.jpg 300w, https:\/\/ecomuseu-corvo.cultura.azores.gov.pt\/wp-content\/uploads\/2022\/09\/20220830_215453-18x10.jpg 18w\" sizes=\"auto, (max-width: 600px) 100vw, 600px\" \/><\/figure>\n\n\n\n<figure class=\"wp-block-image size-large\"><img loading=\"lazy\" decoding=\"async\" width=\"600\" height=\"338\" data-id=\"2004\" src=\"https:\/\/ecomuseu-corvo.cultura.azores.gov.pt\/wp-content\/uploads\/2022\/09\/20220830_214551.jpg\" alt=\"\" class=\"wp-image-2004\" srcset=\"https:\/\/ecomuseu-corvo.cultura.azores.gov.pt\/wp-content\/uploads\/2022\/09\/20220830_214551.jpg 600w, https:\/\/ecomuseu-corvo.cultura.azores.gov.pt\/wp-content\/uploads\/2022\/09\/20220830_214551-300x169.jpg 300w, https:\/\/ecomuseu-corvo.cultura.azores.gov.pt\/wp-content\/uploads\/2022\/09\/20220830_214551-18x10.jpg 18w\" sizes=\"auto, (max-width: 600px) 100vw, 600px\" \/><\/figure>\n\n\n\n<figure class=\"wp-block-image size-large\"><img loading=\"lazy\" decoding=\"async\" width=\"600\" height=\"338\" data-id=\"2006\" src=\"https:\/\/ecomuseu-corvo.cultura.azores.gov.pt\/wp-content\/uploads\/2022\/09\/20220830_214329.jpg\" alt=\"\" class=\"wp-image-2006\" srcset=\"https:\/\/ecomuseu-corvo.cultura.azores.gov.pt\/wp-content\/uploads\/2022\/09\/20220830_214329.jpg 600w, https:\/\/ecomuseu-corvo.cultura.azores.gov.pt\/wp-content\/uploads\/2022\/09\/20220830_214329-300x169.jpg 300w, https:\/\/ecomuseu-corvo.cultura.azores.gov.pt\/wp-content\/uploads\/2022\/09\/20220830_214329-18x10.jpg 18w\" sizes=\"auto, (max-width: 600px) 100vw, 600px\" \/><\/figure>\n\n\n\n<figure class=\"wp-block-image size-large\"><img loading=\"lazy\" decoding=\"async\" width=\"600\" height=\"338\" data-id=\"2008\" src=\"https:\/\/ecomuseu-corvo.cultura.azores.gov.pt\/wp-content\/uploads\/2022\/09\/20220830_214218.jpg\" alt=\"\" class=\"wp-image-2008\" srcset=\"https:\/\/ecomuseu-corvo.cultura.azores.gov.pt\/wp-content\/uploads\/2022\/09\/20220830_214218.jpg 600w, https:\/\/ecomuseu-corvo.cultura.azores.gov.pt\/wp-content\/uploads\/2022\/09\/20220830_214218-300x169.jpg 300w, https:\/\/ecomuseu-corvo.cultura.azores.gov.pt\/wp-content\/uploads\/2022\/09\/20220830_214218-18x10.jpg 18w\" sizes=\"auto, (max-width: 600px) 100vw, 600px\" \/><\/figure>\n\n\n\n<figure class=\"wp-block-image size-large\"><img loading=\"lazy\" decoding=\"async\" width=\"600\" height=\"338\" data-id=\"2009\" src=\"https:\/\/ecomuseu-corvo.cultura.azores.gov.pt\/wp-content\/uploads\/2022\/09\/20220830_214158.jpg\" alt=\"\" class=\"wp-image-2009\" srcset=\"https:\/\/ecomuseu-corvo.cultura.azores.gov.pt\/wp-content\/uploads\/2022\/09\/20220830_214158.jpg 600w, https:\/\/ecomuseu-corvo.cultura.azores.gov.pt\/wp-content\/uploads\/2022\/09\/20220830_214158-300x169.jpg 300w, https:\/\/ecomuseu-corvo.cultura.azores.gov.pt\/wp-content\/uploads\/2022\/09\/20220830_214158-18x10.jpg 18w\" sizes=\"auto, (max-width: 600px) 100vw, 600px\" \/><\/figure>\n\n\n\n<figure class=\"wp-block-image size-large\"><img loading=\"lazy\" decoding=\"async\" width=\"600\" height=\"338\" data-id=\"2005\" src=\"https:\/\/ecomuseu-corvo.cultura.azores.gov.pt\/wp-content\/uploads\/2022\/09\/20220830_214103.jpg\" alt=\"\" class=\"wp-image-2005\" srcset=\"https:\/\/ecomuseu-corvo.cultura.azores.gov.pt\/wp-content\/uploads\/2022\/09\/20220830_214103.jpg 600w, https:\/\/ecomuseu-corvo.cultura.azores.gov.pt\/wp-content\/uploads\/2022\/09\/20220830_214103-300x169.jpg 300w, https:\/\/ecomuseu-corvo.cultura.azores.gov.pt\/wp-content\/uploads\/2022\/09\/20220830_214103-18x10.jpg 18w\" sizes=\"auto, (max-width: 600px) 100vw, 600px\" \/><\/figure>\n<\/figure>\n\n\n\n<figure class=\"wp-block-gallery has-nested-images columns-default is-cropped wp-block-gallery-6 is-layout-flex wp-block-gallery-is-layout-flex\">\n<figure class=\"wp-block-image size-large\"><img loading=\"lazy\" decoding=\"async\" width=\"600\" height=\"399\" data-id=\"1998\" src=\"https:\/\/ecomuseu-corvo.cultura.azores.gov.pt\/wp-content\/uploads\/2022\/09\/301780862_5179280082198496_1839796528688518033_n-1.jpg\" alt=\"\" class=\"wp-image-1998\" srcset=\"https:\/\/ecomuseu-corvo.cultura.azores.gov.pt\/wp-content\/uploads\/2022\/09\/301780862_5179280082198496_1839796528688518033_n-1.jpg 600w, https:\/\/ecomuseu-corvo.cultura.azores.gov.pt\/wp-content\/uploads\/2022\/09\/301780862_5179280082198496_1839796528688518033_n-1-300x200.jpg 300w, https:\/\/ecomuseu-corvo.cultura.azores.gov.pt\/wp-content\/uploads\/2022\/09\/301780862_5179280082198496_1839796528688518033_n-1-18x12.jpg 18w\" sizes=\"auto, (max-width: 600px) 100vw, 600px\" \/><\/figure>\n\n\n\n<figure class=\"wp-block-image size-large\"><img loading=\"lazy\" decoding=\"async\" width=\"600\" height=\"399\" data-id=\"2003\" src=\"https:\/\/ecomuseu-corvo.cultura.azores.gov.pt\/wp-content\/uploads\/2022\/09\/304061005_5179280062198498_5854862464832372561_n-1.jpg\" alt=\"\" class=\"wp-image-2003\" srcset=\"https:\/\/ecomuseu-corvo.cultura.azores.gov.pt\/wp-content\/uploads\/2022\/09\/304061005_5179280062198498_5854862464832372561_n-1.jpg 600w, https:\/\/ecomuseu-corvo.cultura.azores.gov.pt\/wp-content\/uploads\/2022\/09\/304061005_5179280062198498_5854862464832372561_n-1-300x200.jpg 300w, https:\/\/ecomuseu-corvo.cultura.azores.gov.pt\/wp-content\/uploads\/2022\/09\/304061005_5179280062198498_5854862464832372561_n-1-18x12.jpg 18w\" sizes=\"auto, (max-width: 600px) 100vw, 600px\" \/><\/figure>\n\n\n\n<figure class=\"wp-block-image size-large\"><img loading=\"lazy\" decoding=\"async\" width=\"600\" height=\"399\" data-id=\"2001\" src=\"https:\/\/ecomuseu-corvo.cultura.azores.gov.pt\/wp-content\/uploads\/2022\/09\/303361146_5179280058865165_2995845955789155043_n.jpg\" alt=\"\" class=\"wp-image-2001\" srcset=\"https:\/\/ecomuseu-corvo.cultura.azores.gov.pt\/wp-content\/uploads\/2022\/09\/303361146_5179280058865165_2995845955789155043_n.jpg 600w, https:\/\/ecomuseu-corvo.cultura.azores.gov.pt\/wp-content\/uploads\/2022\/09\/303361146_5179280058865165_2995845955789155043_n-300x200.jpg 300w, https:\/\/ecomuseu-corvo.cultura.azores.gov.pt\/wp-content\/uploads\/2022\/09\/303361146_5179280058865165_2995845955789155043_n-18x12.jpg 18w\" sizes=\"auto, (max-width: 600px) 100vw, 600px\" \/><\/figure>\n\n\n\n<figure class=\"wp-block-image size-large\"><img loading=\"lazy\" decoding=\"async\" width=\"600\" height=\"399\" data-id=\"2000\" src=\"https:\/\/ecomuseu-corvo.cultura.azores.gov.pt\/wp-content\/uploads\/2022\/09\/302567516_5179280088865162_3198472140503578944_n.jpg\" alt=\"\" class=\"wp-image-2000\" srcset=\"https:\/\/ecomuseu-corvo.cultura.azores.gov.pt\/wp-content\/uploads\/2022\/09\/302567516_5179280088865162_3198472140503578944_n.jpg 600w, https:\/\/ecomuseu-corvo.cultura.azores.gov.pt\/wp-content\/uploads\/2022\/09\/302567516_5179280088865162_3198472140503578944_n-300x200.jpg 300w, https:\/\/ecomuseu-corvo.cultura.azores.gov.pt\/wp-content\/uploads\/2022\/09\/302567516_5179280088865162_3198472140503578944_n-18x12.jpg 18w\" sizes=\"auto, (max-width: 600px) 100vw, 600px\" \/><\/figure>\n\n\n\n<figure class=\"wp-block-image size-large\"><img loading=\"lazy\" decoding=\"async\" width=\"600\" height=\"399\" data-id=\"2002\" src=\"https:\/\/ecomuseu-corvo.cultura.azores.gov.pt\/wp-content\/uploads\/2022\/09\/302448449_5179280075531830_2448505265877664094_n.jpg\" alt=\"\" class=\"wp-image-2002\" srcset=\"https:\/\/ecomuseu-corvo.cultura.azores.gov.pt\/wp-content\/uploads\/2022\/09\/302448449_5179280075531830_2448505265877664094_n.jpg 600w, https:\/\/ecomuseu-corvo.cultura.azores.gov.pt\/wp-content\/uploads\/2022\/09\/302448449_5179280075531830_2448505265877664094_n-300x200.jpg 300w, https:\/\/ecomuseu-corvo.cultura.azores.gov.pt\/wp-content\/uploads\/2022\/09\/302448449_5179280075531830_2448505265877664094_n-18x12.jpg 18w\" sizes=\"auto, (max-width: 600px) 100vw, 600px\" \/><\/figure>\n\n\n\n<figure class=\"wp-block-image size-large\"><img loading=\"lazy\" decoding=\"async\" width=\"600\" height=\"399\" data-id=\"1999\" src=\"https:\/\/ecomuseu-corvo.cultura.azores.gov.pt\/wp-content\/uploads\/2022\/09\/304061005_5179280062198498_5854862464832372561_n.jpg\" alt=\"\" class=\"wp-image-1999\" srcset=\"https:\/\/ecomuseu-corvo.cultura.azores.gov.pt\/wp-content\/uploads\/2022\/09\/304061005_5179280062198498_5854862464832372561_n.jpg 600w, https:\/\/ecomuseu-corvo.cultura.azores.gov.pt\/wp-content\/uploads\/2022\/09\/304061005_5179280062198498_5854862464832372561_n-300x200.jpg 300w, https:\/\/ecomuseu-corvo.cultura.azores.gov.pt\/wp-content\/uploads\/2022\/09\/304061005_5179280062198498_5854862464832372561_n-18x12.jpg 18w\" sizes=\"auto, (max-width: 600px) 100vw, 600px\" \/><\/figure>\n<\/figure>\n\n\n\n<p><strong>Exposi\u00e7\u00e3o &#8220;Sole Mio&#8221;<\/strong><\/p>\n\n\n\n<p>SOLE MIO (Alexandre Sampaio, 2021\/2022), \u00e9 um dos \u201cprojetos culturais com interesse relevante para a preserva\u00e7\u00e3o, valoriza\u00e7\u00e3o, promo\u00e7\u00e3o e divulga\u00e7\u00e3o da Regi\u00e3o Aut\u00f3noma dos A\u00e7ores\u201d, cofinanciado pelo Governo Regional dos A\u00e7ores, com o apoio da Dire\u00e7\u00e3o Regional dos Assuntos Culturais, propondo-se a construir um corpo de imagens do territ\u00f3rio, em t\u00e9cnica de fotografia solar, no per\u00edodo compreendido entre junho e dezembro de 2021, nas ilhas de Santa Maria e Corvo.<\/p>\n\n\n\n<p>Para saber mais <a><\/a>visite exposi\u00e7\u00e3o de Fotografia Solar no Corvo, intitulada &#8220;Sole Mio&#8221;, que ser\u00e1 inaugurada no dia 03 de setembro, \u00e0s 21h30, no Multiusos.<\/p>\n\n\n\n<p>Esta exposi\u00e7\u00e3o estar\u00e1 patente ao p\u00fablico at\u00e9 ao dia 30 de outubro no seguinte hor\u00e1rio:<\/p>\n\n\n\n<p>De segunda a sexta-feira, entre 10h30 e as 12h30 e as 14h30 e as 17h00.<\/p>\n\n\n\n<figure class=\"wp-block-gallery has-nested-images columns-default is-cropped wp-block-gallery-7 is-layout-flex wp-block-gallery-is-layout-flex\">\n<figure class=\"wp-block-image size-large\"><img loading=\"lazy\" decoding=\"async\" width=\"450\" height=\"600\" data-id=\"2023\" src=\"https:\/\/ecomuseu-corvo.cultura.azores.gov.pt\/wp-content\/uploads\/2022\/09\/305309211_453373403506985_433458977522936132_n.jpg\" alt=\"\" class=\"wp-image-2023\" srcset=\"https:\/\/ecomuseu-corvo.cultura.azores.gov.pt\/wp-content\/uploads\/2022\/09\/305309211_453373403506985_433458977522936132_n.jpg 450w, https:\/\/ecomuseu-corvo.cultura.azores.gov.pt\/wp-content\/uploads\/2022\/09\/305309211_453373403506985_433458977522936132_n-225x300.jpg 225w, https:\/\/ecomuseu-corvo.cultura.azores.gov.pt\/wp-content\/uploads\/2022\/09\/305309211_453373403506985_433458977522936132_n-9x12.jpg 9w\" sizes=\"auto, (max-width: 450px) 100vw, 450px\" \/><\/figure>\n\n\n\n<figure class=\"wp-block-image size-large\"><img loading=\"lazy\" decoding=\"async\" width=\"450\" height=\"600\" data-id=\"2019\" src=\"https:\/\/ecomuseu-corvo.cultura.azores.gov.pt\/wp-content\/uploads\/2022\/09\/305619558_453373326840326_4767375254546307406_n.jpg\" alt=\"\" class=\"wp-image-2019\" srcset=\"https:\/\/ecomuseu-corvo.cultura.azores.gov.pt\/wp-content\/uploads\/2022\/09\/305619558_453373326840326_4767375254546307406_n.jpg 450w, https:\/\/ecomuseu-corvo.cultura.azores.gov.pt\/wp-content\/uploads\/2022\/09\/305619558_453373326840326_4767375254546307406_n-225x300.jpg 225w, https:\/\/ecomuseu-corvo.cultura.azores.gov.pt\/wp-content\/uploads\/2022\/09\/305619558_453373326840326_4767375254546307406_n-9x12.jpg 9w\" sizes=\"auto, (max-width: 450px) 100vw, 450px\" \/><\/figure>\n\n\n\n<figure class=\"wp-block-image size-large\"><img loading=\"lazy\" decoding=\"async\" width=\"424\" height=\"600\" data-id=\"2020\" src=\"https:\/\/ecomuseu-corvo.cultura.azores.gov.pt\/wp-content\/uploads\/2022\/09\/305627665_453373490173643_8968837873919609173_n.jpg\" alt=\"\" class=\"wp-image-2020\" srcset=\"https:\/\/ecomuseu-corvo.cultura.azores.gov.pt\/wp-content\/uploads\/2022\/09\/305627665_453373490173643_8968837873919609173_n.jpg 424w, https:\/\/ecomuseu-corvo.cultura.azores.gov.pt\/wp-content\/uploads\/2022\/09\/305627665_453373490173643_8968837873919609173_n-212x300.jpg 212w, https:\/\/ecomuseu-corvo.cultura.azores.gov.pt\/wp-content\/uploads\/2022\/09\/305627665_453373490173643_8968837873919609173_n-8x12.jpg 8w\" sizes=\"auto, (max-width: 424px) 100vw, 424px\" \/><\/figure>\n\n\n\n<figure class=\"wp-block-image size-large\"><img loading=\"lazy\" decoding=\"async\" width=\"450\" height=\"600\" data-id=\"2022\" src=\"https:\/\/ecomuseu-corvo.cultura.azores.gov.pt\/wp-content\/uploads\/2022\/09\/305667626_453373390173653_6068692199370207335_n.jpg\" alt=\"\" class=\"wp-image-2022\" srcset=\"https:\/\/ecomuseu-corvo.cultura.azores.gov.pt\/wp-content\/uploads\/2022\/09\/305667626_453373390173653_6068692199370207335_n.jpg 450w, https:\/\/ecomuseu-corvo.cultura.azores.gov.pt\/wp-content\/uploads\/2022\/09\/305667626_453373390173653_6068692199370207335_n-225x300.jpg 225w, https:\/\/ecomuseu-corvo.cultura.azores.gov.pt\/wp-content\/uploads\/2022\/09\/305667626_453373390173653_6068692199370207335_n-9x12.jpg 9w\" sizes=\"auto, (max-width: 450px) 100vw, 450px\" \/><\/figure>\n\n\n\n<figure class=\"wp-block-image size-large\"><img loading=\"lazy\" decoding=\"async\" width=\"450\" height=\"600\" data-id=\"2021\" src=\"https:\/\/ecomuseu-corvo.cultura.azores.gov.pt\/wp-content\/uploads\/2022\/09\/305759941_453373343506991_2022060185486796860_n.jpg\" alt=\"\" class=\"wp-image-2021\" srcset=\"https:\/\/ecomuseu-corvo.cultura.azores.gov.pt\/wp-content\/uploads\/2022\/09\/305759941_453373343506991_2022060185486796860_n.jpg 450w, https:\/\/ecomuseu-corvo.cultura.azores.gov.pt\/wp-content\/uploads\/2022\/09\/305759941_453373343506991_2022060185486796860_n-225x300.jpg 225w, https:\/\/ecomuseu-corvo.cultura.azores.gov.pt\/wp-content\/uploads\/2022\/09\/305759941_453373343506991_2022060185486796860_n-9x12.jpg 9w\" sizes=\"auto, (max-width: 450px) 100vw, 450px\" \/><\/figure>\n<\/figure>\n\n\n\n<p><strong>Comemora\u00e7\u00e3o do centen\u00e1rio do nascimento de Pedro da Silveira<\/strong><\/p>\n\n\n\n<p>No \u00e2mbito das celebra\u00e7\u00f5es do centen\u00e1rio do nascimento de Pedro da Silveira, o Ecomuseu exibiu, no dia 05 de setembro, em simult\u00e2neo com as restantes ilhas do Arquip\u00e9lago,  o document\u00e1rio &#8220;Os Livros que ficaram por ler&#8221; sobre a sua vida e obra. Esta foi uma iniciativa da  Dire\u00e7\u00e3o Regional dos Assuntos Culturais. <\/p>\n\n\n\n<p>Saiba mais em:<\/p>\n\n\n\n<p><a href=\"http:\/\/www.culturacores.azores.gov.pt\/agenda\/?fbclid=IwAR0jbJVRF_d7GDsdxGILYrGNEC6gQ-4Xbqqrm9wD6yBWLM2BUNFSK9sB3M4\" rel=\"noreferrer noopener\" target=\"_blank\">http:\/\/www.culturacores.azores.gov.pt\/agenda\/<\/a><\/p>\n\n\n\n<figure class=\"wp-block-image size-large\"><img loading=\"lazy\" decoding=\"async\" width=\"724\" height=\"1024\" src=\"https:\/\/ecomuseu-corvo.cultura.azores.gov.pt\/wp-content\/uploads\/2022\/09\/pedro_silveira-724x1024.jpg\" alt=\"\" class=\"wp-image-2043\"\/><\/figure>","protected":false},"excerpt":{"rendered":"<p>Entre os dias 13 de agosto a 05 de setembro, o Ecomuseu do Corvo dinamizou as \u201cNoites de Rua Cheia\u201d.Com esta atividade pretendeu-se proporcionar, a toda a popula\u00e7\u00e3o do Corvo [&hellip;]<\/p>\n","protected":false},"author":3,"featured_media":2024,"comment_status":"open","ping_status":"open","sticky":false,"template":"templates\/template-cover.php","format":"standard","meta":{"footnotes":""},"categories":[48],"tags":[],"class_list":["post-1986","post","type-post","status-publish","format-standard","has-post-thumbnail","hentry","category-musica"],"_links":{"self":[{"href":"https:\/\/ecomuseu-corvo.cultura.azores.gov.pt\/en\/wp-json\/wp\/v2\/posts\/1986","targetHints":{"allow":["GET"]}}],"collection":[{"href":"https:\/\/ecomuseu-corvo.cultura.azores.gov.pt\/en\/wp-json\/wp\/v2\/posts"}],"about":[{"href":"https:\/\/ecomuseu-corvo.cultura.azores.gov.pt\/en\/wp-json\/wp\/v2\/types\/post"}],"author":[{"embeddable":true,"href":"https:\/\/ecomuseu-corvo.cultura.azores.gov.pt\/en\/wp-json\/wp\/v2\/users\/3"}],"replies":[{"embeddable":true,"href":"https:\/\/ecomuseu-corvo.cultura.azores.gov.pt\/en\/wp-json\/wp\/v2\/comments?post=1986"}],"version-history":[{"count":5,"href":"https:\/\/ecomuseu-corvo.cultura.azores.gov.pt\/en\/wp-json\/wp\/v2\/posts\/1986\/revisions"}],"predecessor-version":[{"id":2064,"href":"https:\/\/ecomuseu-corvo.cultura.azores.gov.pt\/en\/wp-json\/wp\/v2\/posts\/1986\/revisions\/2064"}],"wp:featuredmedia":[{"embeddable":true,"href":"https:\/\/ecomuseu-corvo.cultura.azores.gov.pt\/en\/wp-json\/wp\/v2\/media\/2024"}],"wp:attachment":[{"href":"https:\/\/ecomuseu-corvo.cultura.azores.gov.pt\/en\/wp-json\/wp\/v2\/media?parent=1986"}],"wp:term":[{"taxonomy":"category","embeddable":true,"href":"https:\/\/ecomuseu-corvo.cultura.azores.gov.pt\/en\/wp-json\/wp\/v2\/categories?post=1986"},{"taxonomy":"post_tag","embeddable":true,"href":"https:\/\/ecomuseu-corvo.cultura.azores.gov.pt\/en\/wp-json\/wp\/v2\/tags?post=1986"}],"curies":[{"name":"wp","href":"https:\/\/api.w.org\/{rel}","templated":true}]}}