{"id":1072,"date":"2021-05-26T15:16:00","date_gmt":"2021-05-26T15:16:00","guid":{"rendered":"https:\/\/ecomuseu-corvo.cultura.azores.gov.pt\/?p=1072"},"modified":"2022-03-21T19:06:07","modified_gmt":"2022-03-21T20:06:07","slug":"150-anos-casa-do-espirito-santo","status":"publish","type":"post","link":"https:\/\/ecomuseu-corvo.cultura.azores.gov.pt\/en\/2021\/05\/26\/150-anos-casa-do-espirito-santo\/","title":{"rendered":"150 anos Casa do Esp\u00edrito Santo"},"content":{"rendered":"<p>O Ecomuseu do Corvo inaugurou, no dia 24 de maio, uma exposi\u00e7\u00e3o de fotografias comemorativa dos 150 anos da Casa do Esp\u00edrito Santo do Corvo, que ficar\u00e1 patente, at\u00e9 ao final do ano, naquele espa\u00e7o que se localiza no Largo do Outeiro, no N\u00facleo Antigo da Vila. <\/p>\n\n\n\n<p>As visitas podem ser feitas de segunda a sexta-feira, entre as 14h00 e as 16h00, ou noutros dias mediante contacto pr\u00e9vio com os servi\u00e7os de apoio t\u00e9cnico ao Ecomuseu, atrav\u00e9s de contacto telef\u00f3nico para o n\u00famero: 292596063.<\/p>\n\n\n\n<p>Esta exposi\u00e7\u00e3o, constitu\u00edda por 50 fotografias, pertencentes ao Arquivo Fotogr\u00e1fico do Corvo, procura homenagear esta tradi\u00e7\u00e3o secular e refletir a evolu\u00e7\u00e3o que ocorreu ao longo das d\u00e9cadas, naquelas que s\u00e3o as manifesta\u00e7\u00f5es associadas ao Culto do Esp\u00edrito Santo na mais pequena ilha dos A\u00e7ores e que remontam aos prim\u00f3rdios do povoamento.<\/p>\n\n\n\n<div class=\"wp-block-image\"><figure class=\"aligncenter size-full is-resized\"><img loading=\"lazy\" decoding=\"async\" src=\"https:\/\/ecomuseu-corvo.cultura.azores.gov.pt\/wp-content\/uploads\/2021\/05\/cartaz-impressao-horario-2.png\" alt=\"\" class=\"wp-image-626\" width=\"361\" height=\"511\" srcset=\"https:\/\/ecomuseu-corvo.cultura.azores.gov.pt\/wp-content\/uploads\/2021\/05\/cartaz-impressao-horario-2.png 424w, https:\/\/ecomuseu-corvo.cultura.azores.gov.pt\/wp-content\/uploads\/2021\/05\/cartaz-impressao-horario-2-212x300.png 212w, https:\/\/ecomuseu-corvo.cultura.azores.gov.pt\/wp-content\/uploads\/2021\/05\/cartaz-impressao-horario-2-8x12.png 8w\" sizes=\"auto, (max-width: 361px) 100vw, 361px\" \/><\/figure><\/div>\n\n\n\n<figure class=\"wp-block-gallery has-nested-images columns-default is-cropped wp-block-gallery-1 is-layout-flex wp-block-gallery-is-layout-flex\">\n<figure class=\"wp-block-image size-large\"><img loading=\"lazy\" decoding=\"async\" width=\"600\" height=\"450\" data-id=\"1083\" src=\"https:\/\/ecomuseu-corvo.cultura.azores.gov.pt\/wp-content\/uploads\/2022\/03\/212681350_168855715292090_4811040065981193877_n.jpg\" alt=\"\" class=\"wp-image-1083\" srcset=\"https:\/\/ecomuseu-corvo.cultura.azores.gov.pt\/wp-content\/uploads\/2022\/03\/212681350_168855715292090_4811040065981193877_n.jpg 600w, https:\/\/ecomuseu-corvo.cultura.azores.gov.pt\/wp-content\/uploads\/2022\/03\/212681350_168855715292090_4811040065981193877_n-300x225.jpg 300w, https:\/\/ecomuseu-corvo.cultura.azores.gov.pt\/wp-content\/uploads\/2022\/03\/212681350_168855715292090_4811040065981193877_n-16x12.jpg 16w\" sizes=\"auto, (max-width: 600px) 100vw, 600px\" \/><\/figure>\n\n\n\n<figure class=\"wp-block-image size-large\"><img loading=\"lazy\" decoding=\"async\" width=\"600\" height=\"450\" data-id=\"1082\" src=\"https:\/\/ecomuseu-corvo.cultura.azores.gov.pt\/wp-content\/uploads\/2022\/03\/212432383_168855691958759_5218628775057125727_n.jpg\" alt=\"\" class=\"wp-image-1082\" srcset=\"https:\/\/ecomuseu-corvo.cultura.azores.gov.pt\/wp-content\/uploads\/2022\/03\/212432383_168855691958759_5218628775057125727_n.jpg 600w, https:\/\/ecomuseu-corvo.cultura.azores.gov.pt\/wp-content\/uploads\/2022\/03\/212432383_168855691958759_5218628775057125727_n-300x225.jpg 300w, https:\/\/ecomuseu-corvo.cultura.azores.gov.pt\/wp-content\/uploads\/2022\/03\/212432383_168855691958759_5218628775057125727_n-16x12.jpg 16w\" sizes=\"auto, (max-width: 600px) 100vw, 600px\" \/><\/figure>\n\n\n\n<figure class=\"wp-block-image size-large\"><img loading=\"lazy\" decoding=\"async\" width=\"600\" height=\"450\" data-id=\"1078\" src=\"https:\/\/ecomuseu-corvo.cultura.azores.gov.pt\/wp-content\/uploads\/2022\/03\/211821959_168855765292085_5474388947087453800_n.jpg\" alt=\"\" class=\"wp-image-1078\" srcset=\"https:\/\/ecomuseu-corvo.cultura.azores.gov.pt\/wp-content\/uploads\/2022\/03\/211821959_168855765292085_5474388947087453800_n.jpg 600w, https:\/\/ecomuseu-corvo.cultura.azores.gov.pt\/wp-content\/uploads\/2022\/03\/211821959_168855765292085_5474388947087453800_n-300x225.jpg 300w, https:\/\/ecomuseu-corvo.cultura.azores.gov.pt\/wp-content\/uploads\/2022\/03\/211821959_168855765292085_5474388947087453800_n-16x12.jpg 16w\" sizes=\"auto, (max-width: 600px) 100vw, 600px\" \/><\/figure>\n\n\n\n<figure class=\"wp-block-image size-large\"><img loading=\"lazy\" decoding=\"async\" width=\"600\" height=\"450\" data-id=\"1081\" src=\"https:\/\/ecomuseu-corvo.cultura.azores.gov.pt\/wp-content\/uploads\/2022\/03\/212329976_168855645292097_7050066825062533970_n.jpg\" alt=\"\" class=\"wp-image-1081\" srcset=\"https:\/\/ecomuseu-corvo.cultura.azores.gov.pt\/wp-content\/uploads\/2022\/03\/212329976_168855645292097_7050066825062533970_n.jpg 600w, https:\/\/ecomuseu-corvo.cultura.azores.gov.pt\/wp-content\/uploads\/2022\/03\/212329976_168855645292097_7050066825062533970_n-300x225.jpg 300w, https:\/\/ecomuseu-corvo.cultura.azores.gov.pt\/wp-content\/uploads\/2022\/03\/212329976_168855645292097_7050066825062533970_n-16x12.jpg 16w\" sizes=\"auto, (max-width: 600px) 100vw, 600px\" \/><\/figure>\n\n\n\n<figure class=\"wp-block-image size-large\"><img loading=\"lazy\" decoding=\"async\" width=\"600\" height=\"450\" data-id=\"1080\" src=\"https:\/\/ecomuseu-corvo.cultura.azores.gov.pt\/wp-content\/uploads\/2022\/03\/212315458_168855485292113_2815867670497542122_n.jpg\" alt=\"\" class=\"wp-image-1080\" srcset=\"https:\/\/ecomuseu-corvo.cultura.azores.gov.pt\/wp-content\/uploads\/2022\/03\/212315458_168855485292113_2815867670497542122_n.jpg 600w, https:\/\/ecomuseu-corvo.cultura.azores.gov.pt\/wp-content\/uploads\/2022\/03\/212315458_168855485292113_2815867670497542122_n-300x225.jpg 300w, https:\/\/ecomuseu-corvo.cultura.azores.gov.pt\/wp-content\/uploads\/2022\/03\/212315458_168855485292113_2815867670497542122_n-16x12.jpg 16w\" sizes=\"auto, (max-width: 600px) 100vw, 600px\" \/><\/figure>\n\n\n\n<figure class=\"wp-block-image size-large\"><img loading=\"lazy\" decoding=\"async\" width=\"600\" height=\"450\" data-id=\"1079\" src=\"https:\/\/ecomuseu-corvo.cultura.azores.gov.pt\/wp-content\/uploads\/2022\/03\/212309095_168855488625446_5859264593596520062_n.jpg\" alt=\"\" class=\"wp-image-1079\" srcset=\"https:\/\/ecomuseu-corvo.cultura.azores.gov.pt\/wp-content\/uploads\/2022\/03\/212309095_168855488625446_5859264593596520062_n.jpg 600w, https:\/\/ecomuseu-corvo.cultura.azores.gov.pt\/wp-content\/uploads\/2022\/03\/212309095_168855488625446_5859264593596520062_n-300x225.jpg 300w, https:\/\/ecomuseu-corvo.cultura.azores.gov.pt\/wp-content\/uploads\/2022\/03\/212309095_168855488625446_5859264593596520062_n-16x12.jpg 16w\" sizes=\"auto, (max-width: 600px) 100vw, 600px\" \/><\/figure>\n\n\n\n<figure class=\"wp-block-image size-large\"><img loading=\"lazy\" decoding=\"async\" width=\"600\" height=\"450\" data-id=\"1077\" src=\"https:\/\/ecomuseu-corvo.cultura.azores.gov.pt\/wp-content\/uploads\/2022\/03\/208783424_168855478625447_806956637944603078_n.jpg\" alt=\"\" class=\"wp-image-1077\" srcset=\"https:\/\/ecomuseu-corvo.cultura.azores.gov.pt\/wp-content\/uploads\/2022\/03\/208783424_168855478625447_806956637944603078_n.jpg 600w, https:\/\/ecomuseu-corvo.cultura.azores.gov.pt\/wp-content\/uploads\/2022\/03\/208783424_168855478625447_806956637944603078_n-300x225.jpg 300w, https:\/\/ecomuseu-corvo.cultura.azores.gov.pt\/wp-content\/uploads\/2022\/03\/208783424_168855478625447_806956637944603078_n-16x12.jpg 16w\" sizes=\"auto, (max-width: 600px) 100vw, 600px\" \/><\/figure>\n\n\n\n<figure class=\"wp-block-image size-large\"><img loading=\"lazy\" decoding=\"async\" width=\"600\" height=\"450\" data-id=\"1076\" src=\"https:\/\/ecomuseu-corvo.cultura.azores.gov.pt\/wp-content\/uploads\/2022\/03\/208909618_168855538625441_3248967098590042146_n.jpg\" alt=\"\" class=\"wp-image-1076\" srcset=\"https:\/\/ecomuseu-corvo.cultura.azores.gov.pt\/wp-content\/uploads\/2022\/03\/208909618_168855538625441_3248967098590042146_n.jpg 600w, https:\/\/ecomuseu-corvo.cultura.azores.gov.pt\/wp-content\/uploads\/2022\/03\/208909618_168855538625441_3248967098590042146_n-300x225.jpg 300w, https:\/\/ecomuseu-corvo.cultura.azores.gov.pt\/wp-content\/uploads\/2022\/03\/208909618_168855538625441_3248967098590042146_n-16x12.jpg 16w\" sizes=\"auto, (max-width: 600px) 100vw, 600px\" \/><\/figure>\n\n\n\n<figure class=\"wp-block-image size-large\"><img loading=\"lazy\" decoding=\"async\" width=\"600\" height=\"450\" data-id=\"1075\" src=\"https:\/\/ecomuseu-corvo.cultura.azores.gov.pt\/wp-content\/uploads\/2022\/03\/211508298_168855755292086_5061157928349757557_n.jpg\" alt=\"\" class=\"wp-image-1075\" srcset=\"https:\/\/ecomuseu-corvo.cultura.azores.gov.pt\/wp-content\/uploads\/2022\/03\/211508298_168855755292086_5061157928349757557_n.jpg 600w, https:\/\/ecomuseu-corvo.cultura.azores.gov.pt\/wp-content\/uploads\/2022\/03\/211508298_168855755292086_5061157928349757557_n-300x225.jpg 300w, https:\/\/ecomuseu-corvo.cultura.azores.gov.pt\/wp-content\/uploads\/2022\/03\/211508298_168855755292086_5061157928349757557_n-16x12.jpg 16w\" sizes=\"auto, (max-width: 600px) 100vw, 600px\" \/><\/figure>\n\n\n\n<figure class=\"wp-block-image size-large\"><img loading=\"lazy\" decoding=\"async\" width=\"600\" height=\"450\" data-id=\"1074\" src=\"https:\/\/ecomuseu-corvo.cultura.azores.gov.pt\/wp-content\/uploads\/2022\/03\/211576725_168855685292093_5237922260724646669_n.jpg\" alt=\"\" class=\"wp-image-1074\" srcset=\"https:\/\/ecomuseu-corvo.cultura.azores.gov.pt\/wp-content\/uploads\/2022\/03\/211576725_168855685292093_5237922260724646669_n.jpg 600w, https:\/\/ecomuseu-corvo.cultura.azores.gov.pt\/wp-content\/uploads\/2022\/03\/211576725_168855685292093_5237922260724646669_n-300x225.jpg 300w, https:\/\/ecomuseu-corvo.cultura.azores.gov.pt\/wp-content\/uploads\/2022\/03\/211576725_168855685292093_5237922260724646669_n-16x12.jpg 16w\" sizes=\"auto, (max-width: 600px) 100vw, 600px\" \/><\/figure>\n\n\n\n<figure class=\"wp-block-image size-large\"><img loading=\"lazy\" decoding=\"async\" width=\"600\" height=\"450\" data-id=\"1073\" src=\"https:\/\/ecomuseu-corvo.cultura.azores.gov.pt\/wp-content\/uploads\/2022\/03\/208659703_168855535292108_6268300306939410712_n.jpg\" alt=\"\" class=\"wp-image-1073\" srcset=\"https:\/\/ecomuseu-corvo.cultura.azores.gov.pt\/wp-content\/uploads\/2022\/03\/208659703_168855535292108_6268300306939410712_n.jpg 600w, https:\/\/ecomuseu-corvo.cultura.azores.gov.pt\/wp-content\/uploads\/2022\/03\/208659703_168855535292108_6268300306939410712_n-300x225.jpg 300w, https:\/\/ecomuseu-corvo.cultura.azores.gov.pt\/wp-content\/uploads\/2022\/03\/208659703_168855535292108_6268300306939410712_n-16x12.jpg 16w\" sizes=\"auto, (max-width: 600px) 100vw, 600px\" \/><\/figure>\n<\/figure>\n\n\n\n<figure class=\"wp-block-gallery has-nested-images columns-default is-cropped wp-block-gallery-2 is-layout-flex wp-block-gallery-is-layout-flex\">\n<figure class=\"wp-block-image size-large\"><img loading=\"lazy\" decoding=\"async\" width=\"450\" height=\"600\" data-id=\"1084\" src=\"https:\/\/ecomuseu-corvo.cultura.azores.gov.pt\/wp-content\/uploads\/2022\/03\/209366874_168855545292107_7518312646909329717_n.jpg\" alt=\"\" class=\"wp-image-1084\" srcset=\"https:\/\/ecomuseu-corvo.cultura.azores.gov.pt\/wp-content\/uploads\/2022\/03\/209366874_168855545292107_7518312646909329717_n.jpg 450w, https:\/\/ecomuseu-corvo.cultura.azores.gov.pt\/wp-content\/uploads\/2022\/03\/209366874_168855545292107_7518312646909329717_n-225x300.jpg 225w, https:\/\/ecomuseu-corvo.cultura.azores.gov.pt\/wp-content\/uploads\/2022\/03\/209366874_168855545292107_7518312646909329717_n-9x12.jpg 9w\" sizes=\"auto, (max-width: 450px) 100vw, 450px\" \/><\/figure>\n\n\n\n<figure class=\"wp-block-image size-large\"><img loading=\"lazy\" decoding=\"async\" width=\"450\" height=\"600\" data-id=\"1086\" src=\"https:\/\/ecomuseu-corvo.cultura.azores.gov.pt\/wp-content\/uploads\/2022\/03\/211990224_168855608625434_5341785056134752351_n.jpg\" alt=\"\" class=\"wp-image-1086\" srcset=\"https:\/\/ecomuseu-corvo.cultura.azores.gov.pt\/wp-content\/uploads\/2022\/03\/211990224_168855608625434_5341785056134752351_n.jpg 450w, https:\/\/ecomuseu-corvo.cultura.azores.gov.pt\/wp-content\/uploads\/2022\/03\/211990224_168855608625434_5341785056134752351_n-225x300.jpg 225w, https:\/\/ecomuseu-corvo.cultura.azores.gov.pt\/wp-content\/uploads\/2022\/03\/211990224_168855608625434_5341785056134752351_n-9x12.jpg 9w\" sizes=\"auto, (max-width: 450px) 100vw, 450px\" \/><\/figure>\n\n\n\n<figure class=\"wp-block-image size-large\"><img loading=\"lazy\" decoding=\"async\" width=\"450\" height=\"600\" data-id=\"1085\" src=\"https:\/\/ecomuseu-corvo.cultura.azores.gov.pt\/wp-content\/uploads\/2022\/03\/210998737_168855598625435_9195708827088413904_n.jpg\" alt=\"\" class=\"wp-image-1085\" srcset=\"https:\/\/ecomuseu-corvo.cultura.azores.gov.pt\/wp-content\/uploads\/2022\/03\/210998737_168855598625435_9195708827088413904_n.jpg 450w, https:\/\/ecomuseu-corvo.cultura.azores.gov.pt\/wp-content\/uploads\/2022\/03\/210998737_168855598625435_9195708827088413904_n-225x300.jpg 225w, https:\/\/ecomuseu-corvo.cultura.azores.gov.pt\/wp-content\/uploads\/2022\/03\/210998737_168855598625435_9195708827088413904_n-9x12.jpg 9w\" sizes=\"auto, (max-width: 450px) 100vw, 450px\" \/><\/figure>\n<\/figure>","protected":false},"excerpt":{"rendered":"<p>O Ecomuseu do Corvo inaugurou, no dia 24 de maio, uma exposi\u00e7\u00e3o de fotografias comemorativa dos 150 anos da Casa do Esp\u00edrito Santo do Corvo, que ficar\u00e1 patente, at\u00e9 ao [&hellip;]<\/p>\n","protected":false},"author":3,"featured_media":1074,"comment_status":"open","ping_status":"open","sticky":false,"template":"","format":"standard","meta":{"footnotes":""},"categories":[44],"tags":[],"class_list":["post-1072","post","type-post","status-publish","format-standard","has-post-thumbnail","hentry","category-exposicoes"],"_links":{"self":[{"href":"https:\/\/ecomuseu-corvo.cultura.azores.gov.pt\/en\/wp-json\/wp\/v2\/posts\/1072","targetHints":{"allow":["GET"]}}],"collection":[{"href":"https:\/\/ecomuseu-corvo.cultura.azores.gov.pt\/en\/wp-json\/wp\/v2\/posts"}],"about":[{"href":"https:\/\/ecomuseu-corvo.cultura.azores.gov.pt\/en\/wp-json\/wp\/v2\/types\/post"}],"author":[{"embeddable":true,"href":"https:\/\/ecomuseu-corvo.cultura.azores.gov.pt\/en\/wp-json\/wp\/v2\/users\/3"}],"replies":[{"embeddable":true,"href":"https:\/\/ecomuseu-corvo.cultura.azores.gov.pt\/en\/wp-json\/wp\/v2\/comments?post=1072"}],"version-history":[{"count":1,"href":"https:\/\/ecomuseu-corvo.cultura.azores.gov.pt\/en\/wp-json\/wp\/v2\/posts\/1072\/revisions"}],"predecessor-version":[{"id":1087,"href":"https:\/\/ecomuseu-corvo.cultura.azores.gov.pt\/en\/wp-json\/wp\/v2\/posts\/1072\/revisions\/1087"}],"wp:featuredmedia":[{"embeddable":true,"href":"https:\/\/ecomuseu-corvo.cultura.azores.gov.pt\/en\/wp-json\/wp\/v2\/media\/1074"}],"wp:attachment":[{"href":"https:\/\/ecomuseu-corvo.cultura.azores.gov.pt\/en\/wp-json\/wp\/v2\/media?parent=1072"}],"wp:term":[{"taxonomy":"category","embeddable":true,"href":"https:\/\/ecomuseu-corvo.cultura.azores.gov.pt\/en\/wp-json\/wp\/v2\/categories?post=1072"},{"taxonomy":"post_tag","embeddable":true,"href":"https:\/\/ecomuseu-corvo.cultura.azores.gov.pt\/en\/wp-json\/wp\/v2\/tags?post=1072"}],"curies":[{"name":"wp","href":"https:\/\/api.w.org\/{rel}","templated":true}]}}