{"id":1038,"date":"2022-03-16T14:59:17","date_gmt":"2022-03-16T15:59:17","guid":{"rendered":"https:\/\/ecomuseu-corvo.cultura.azores.gov.pt\/?p=1038"},"modified":"2022-03-21T19:04:54","modified_gmt":"2022-03-21T20:04:54","slug":"extensao-cineeco","status":"publish","type":"post","link":"https:\/\/ecomuseu-corvo.cultura.azores.gov.pt\/en\/2022\/03\/16\/extensao-cineeco\/","title":{"rendered":"Extens\u00e3o Cine&#8217;ECO"},"content":{"rendered":"<p>O Ecomuseu do Corvo, em parceria com o Cineclube da Ilha Terceira, ir\u00e1 dinamizar a extens\u00e3o Cine\u2019Eco Seia -Festival Internacional de Cinema Ambiental da Serra da Estrela.<\/p>\n\n\n\n<p>Durante seis sess\u00f5es ser\u00e3o exibidos os document\u00e1rios premiados na 27.\u00aa edi\u00e7\u00e3o do Cine\u2019Eco, que decorreu em Seia em 2021. As sess\u00f5es decorrem todas as quartas-feiras, pelas 21H00, entre os dias 16 de mar\u00e7o a 04 de maio, no Multiusos do Corvo.<\/p>\n\n\n\n<p>No dia 16 de mar\u00e7o, pelas 20h30, decorrer\u00e1 a sess\u00e3o de abertura desta extens\u00e3o cinematogr\u00e1fica, que contar\u00e1 com a presen\u00e7a do Dr. Jorge Bruno Diretor do Cineclube da Ilha Terceira.<\/p>\n\n\n\n<p>A entrada \u00e9 gratuita!<\/p>\n\n\n\n<p>Consulte o programa e marque a sua presen\u00e7a.<\/p>\n\n\n\n<div data-wp-interactive=\"core\/file\" class=\"wp-block-file\"><object data-wp-bind--hidden=\"!state.hasPdfPreview\" hidden class=\"wp-block-file__embed\" data=\"https:\/\/ecomuseu-corvo.cultura.azores.gov.pt\/wp-content\/uploads\/2022\/03\/corvo_22_cineco-compactado-1.pdf\" type=\"application\/pdf\" style=\"width:100%;height:600px\" aria-label=\"Embed of Incorpora\u00e7\u00e3o de corvo_22_cineco-compactado-1..\"><\/object><a id=\"wp-block-file--media-8bf03382-e9af-44f1-8b07-54a641561d25\" href=\"https:\/\/ecomuseu-corvo.cultura.azores.gov.pt\/wp-content\/uploads\/2022\/03\/corvo_22_cineco-compactado-1.pdf\">corvo_22_cineco-compactado-1<\/a><a href=\"https:\/\/ecomuseu-corvo.cultura.azores.gov.pt\/wp-content\/uploads\/2022\/03\/corvo_22_cineco-compactado-1.pdf\" class=\"wp-block-file__button\" download aria-describedby=\"wp-block-file--media-8bf03382-e9af-44f1-8b07-54a641561d25\">Descarregar<\/a><\/div>\n\n\n\n<p>Disponibilizamos os trailers que ser\u00e3o exibidos dia 16 de mar\u00e7o:<\/p>\n\n\n\n<ul class=\"wp-block-list\"><li><strong>CENTRIFUGADORA<\/strong>, Ignacio Rod\u00f3, Espanha, 2020, Fic\u00e7\u00e3o (2\u2019) \u2013 MEN\u00c7\u00c3O HONROSA CURTA-METRAGEM \/ 2021<\/li><li><strong>FLIGHT TO EARTH<\/strong>, Ignacio Rod\u00f3, Espanha, 2021, Anima\u00e7\u00e3o (6\u2019) \u2013 PR\u00c9MIO CURTA-METRAGEM INTERNACIONAL \/ 2021<\/li><li><strong>DOUCE FRANCE<\/strong>, Geo\ufb00rey Couanon, Fran\u00e7a, 2020, Document\u00e1rio (96\u2019) \u2013 GRANDE PR\u00c9MIO AMBIENTE \/ 2021<\/li><\/ul>\n\n\n\n<figure class=\"wp-block-embed is-type-video is-provider-youtube wp-block-embed-youtube wp-embed-aspect-16-9 wp-has-aspect-ratio\"><div class=\"wp-block-embed__wrapper\">\n<iframe loading=\"lazy\" title=\"Flight to earth (animation short film trailer)\" width=\"580\" height=\"326\" src=\"https:\/\/www.youtube.com\/embed\/_XirK79gHSE?feature=oembed\" frameborder=\"0\" allow=\"accelerometer; autoplay; clipboard-write; encrypted-media; gyroscope; picture-in-picture; web-share\" referrerpolicy=\"strict-origin-when-cross-origin\" allowfullscreen><\/iframe>\n<\/div><figcaption>Flight to earth (short film trailer 2021)<\/figcaption><\/figure>\n\n\n\n<figure class=\"wp-block-embed is-type-video is-provider-youtube wp-block-embed-youtube wp-embed-aspect-16-9 wp-has-aspect-ratio\"><div class=\"wp-block-embed__wrapper\">\n<iframe loading=\"lazy\" title=\"DOUCE FRANCE, Geoffrey Couanon, Bande-annonce,\" width=\"580\" height=\"326\" src=\"https:\/\/www.youtube.com\/embed\/HhqGu218ONU?feature=oembed\" frameborder=\"0\" allow=\"accelerometer; autoplay; clipboard-write; encrypted-media; gyroscope; picture-in-picture; web-share\" referrerpolicy=\"strict-origin-when-cross-origin\" allowfullscreen><\/iframe>\n<\/div><figcaption>DOUCE FRANCE, Geoffrey Couanon, Bande-annonce<\/figcaption><\/figure>","protected":false},"excerpt":{"rendered":"<p>O Ecomuseu do Corvo, em parceria com o Cineclube da Ilha Terceira, ir\u00e1 dinamizar a extens\u00e3o Cine\u2019Eco Seia -Festival Internacional de Cinema Ambiental da Serra da Estrela. Durante seis sess\u00f5es [&hellip;]<\/p>\n","protected":false},"author":3,"featured_media":1040,"comment_status":"open","ping_status":"open","sticky":false,"template":"","format":"standard","meta":{"footnotes":""},"categories":[45],"tags":[],"class_list":["post-1038","post","type-post","status-publish","format-standard","has-post-thumbnail","hentry","category-cinema"],"_links":{"self":[{"href":"https:\/\/ecomuseu-corvo.cultura.azores.gov.pt\/en\/wp-json\/wp\/v2\/posts\/1038","targetHints":{"allow":["GET"]}}],"collection":[{"href":"https:\/\/ecomuseu-corvo.cultura.azores.gov.pt\/en\/wp-json\/wp\/v2\/posts"}],"about":[{"href":"https:\/\/ecomuseu-corvo.cultura.azores.gov.pt\/en\/wp-json\/wp\/v2\/types\/post"}],"author":[{"embeddable":true,"href":"https:\/\/ecomuseu-corvo.cultura.azores.gov.pt\/en\/wp-json\/wp\/v2\/users\/3"}],"replies":[{"embeddable":true,"href":"https:\/\/ecomuseu-corvo.cultura.azores.gov.pt\/en\/wp-json\/wp\/v2\/comments?post=1038"}],"version-history":[{"count":2,"href":"https:\/\/ecomuseu-corvo.cultura.azores.gov.pt\/en\/wp-json\/wp\/v2\/posts\/1038\/revisions"}],"predecessor-version":[{"id":1231,"href":"https:\/\/ecomuseu-corvo.cultura.azores.gov.pt\/en\/wp-json\/wp\/v2\/posts\/1038\/revisions\/1231"}],"wp:featuredmedia":[{"embeddable":true,"href":"https:\/\/ecomuseu-corvo.cultura.azores.gov.pt\/en\/wp-json\/wp\/v2\/media\/1040"}],"wp:attachment":[{"href":"https:\/\/ecomuseu-corvo.cultura.azores.gov.pt\/en\/wp-json\/wp\/v2\/media?parent=1038"}],"wp:term":[{"taxonomy":"category","embeddable":true,"href":"https:\/\/ecomuseu-corvo.cultura.azores.gov.pt\/en\/wp-json\/wp\/v2\/categories?post=1038"},{"taxonomy":"post_tag","embeddable":true,"href":"https:\/\/ecomuseu-corvo.cultura.azores.gov.pt\/en\/wp-json\/wp\/v2\/tags?post=1038"}],"curies":[{"name":"wp","href":"https:\/\/api.w.org\/{rel}","templated":true}]}}