{"id":765,"global_id":"ecomuseu-corvo.cultura.azores.gov.pt\/en?id=765","global_id_lineage":["ecomuseu-corvo.cultura.azores.gov.pt\/en?id=765"],"author":"3","status":"publish","date":"2021-09-08 14:26:49","date_utc":"2021-09-08 14:26:49","modified":"2022-03-16 09:43:44","modified_utc":"2022-03-16 10:43:44","url":"https:\/\/ecomuseu-corvo.cultura.azores.gov.pt\/en\/evento\/1a-campanha-do-patrimonio-do-corvo\/","rest_url":"https:\/\/ecomuseu-corvo.cultura.azores.gov.pt\/en\/wp-json\/tribe\/events\/v1\/events\/765","title":"1\u00aa Campanha do Patrim\u00f3nio do Corvo","description":"<p>O Ecomuseu do Corvo, atrav\u00e9s do Centro do Patrim\u00f3nio M\u00f3vel, Imaterial e Arqueol\u00f3gico dos A\u00e7ores e da Dire\u00e7\u00e3o Regional da Cultura est\u00e1 a promover, entre os dias 13 a 25 de setembro de 2021, a 1.\u00aa Campanha do Patrim\u00f3nio do Corvo.<\/p>\n<p>No \u00e2mbito desta campanha est\u00e1 prevista uma atividade de sensibiliza\u00e7\u00e3o para o patrim\u00f3nio arqueol\u00f3gico, intitulada \u201cArque\u00f3logo por um dia\u201d, destinada aos alunos do 3.\u00ba ciclo da EBS Mouzinho da Silveira.<br \/>\nEsta ser\u00e1 uma importante oportunidade para se sensibilizar os mais jovens para o Patrim\u00f3nio envolvendo-os em a\u00e7\u00f5es de valoriza\u00e7\u00e3o e de salvaguarda do mesmo.<\/p>\n<p>Ser\u00e3o apresentados os resultados preliminares das interven\u00e7\u00f5es arqueol\u00f3gicas feitas na zona do Engenho e no moinho de mar\u00e9 do Caldeir\u00e3o do Corvo. Ser\u00e3o, igualmente, apresentados os resultados preliminares da interven\u00e7\u00e3o de conserva\u00e7\u00e3o preventiva do tear t\u00edpico do Corvo e de algumas pe\u00e7as ligadas \u00e0 etnografia.<br \/>\nContamos com a presen\u00e7a de todos, pois o Ecomuseu do Corvo somos todos n\u00f3s!<\/p>\n<div id='gallery-1' class='gallery galleryid-0 gallery-columns-3 gallery-size-large'><figure class='gallery-item'>\n\t\t\t<div class='gallery-icon landscape'>\n\t\t\t\t<a href='https:\/\/ecomuseu-corvo.cultura.azores.gov.pt\/wp-content\/uploads\/2022\/03\/arqueologo_por_um-dia_face.jpg' title=\"\" data-rl_title=\"\" class=\"rl-gallery-link\" data-rl_caption=\"\" data-rel=\"lightbox-gallery-1\"><img loading=\"lazy\" decoding=\"async\" width=\"580\" height=\"410\" src=\"https:\/\/ecomuseu-corvo.cultura.azores.gov.pt\/wp-content\/uploads\/2022\/03\/arqueologo_por_um-dia_face.jpg\" class=\"attachment-large size-large\" alt=\"\" srcset=\"https:\/\/ecomuseu-corvo.cultura.azores.gov.pt\/wp-content\/uploads\/2022\/03\/arqueologo_por_um-dia_face.jpg 600w, https:\/\/ecomuseu-corvo.cultura.azores.gov.pt\/wp-content\/uploads\/2022\/03\/arqueologo_por_um-dia_face-300x212.jpg 300w, https:\/\/ecomuseu-corvo.cultura.azores.gov.pt\/wp-content\/uploads\/2022\/03\/arqueologo_por_um-dia_face-18x12.jpg 18w\" sizes=\"auto, (max-width: 580px) 100vw, 580px\" \/><\/a>\n\t\t\t<\/div><\/figure><figure class='gallery-item'>\n\t\t\t<div class='gallery-icon landscape'>\n\t\t\t\t<a href='https:\/\/ecomuseu-corvo.cultura.azores.gov.pt\/wp-content\/uploads\/2022\/03\/sensibilizacao-patrimonial.jpg' title=\"\" data-rl_title=\"\" class=\"rl-gallery-link\" data-rl_caption=\"\" data-rel=\"lightbox-gallery-1\"><img loading=\"lazy\" decoding=\"async\" width=\"580\" height=\"410\" src=\"https:\/\/ecomuseu-corvo.cultura.azores.gov.pt\/wp-content\/uploads\/2022\/03\/sensibilizacao-patrimonial.jpg\" class=\"attachment-large size-large\" alt=\"\" srcset=\"https:\/\/ecomuseu-corvo.cultura.azores.gov.pt\/wp-content\/uploads\/2022\/03\/sensibilizacao-patrimonial.jpg 600w, https:\/\/ecomuseu-corvo.cultura.azores.gov.pt\/wp-content\/uploads\/2022\/03\/sensibilizacao-patrimonial-300x212.jpg 300w, https:\/\/ecomuseu-corvo.cultura.azores.gov.pt\/wp-content\/uploads\/2022\/03\/sensibilizacao-patrimonial-18x12.jpg 18w\" sizes=\"auto, (max-width: 580px) 100vw, 580px\" \/><\/a>\n\t\t\t<\/div><\/figure><figure class='gallery-item'>\n\t\t\t<div class='gallery-icon landscape'>\n\t\t\t\t<a href='https:\/\/ecomuseu-corvo.cultura.azores.gov.pt\/wp-content\/uploads\/2022\/03\/tear_face.jpg' title=\"\" data-rl_title=\"\" class=\"rl-gallery-link\" data-rl_caption=\"\" data-rel=\"lightbox-gallery-1\"><img loading=\"lazy\" decoding=\"async\" width=\"580\" height=\"410\" src=\"https:\/\/ecomuseu-corvo.cultura.azores.gov.pt\/wp-content\/uploads\/2022\/03\/tear_face.jpg\" class=\"attachment-large size-large\" alt=\"\" srcset=\"https:\/\/ecomuseu-corvo.cultura.azores.gov.pt\/wp-content\/uploads\/2022\/03\/tear_face.jpg 600w, https:\/\/ecomuseu-corvo.cultura.azores.gov.pt\/wp-content\/uploads\/2022\/03\/tear_face-300x212.jpg 300w, https:\/\/ecomuseu-corvo.cultura.azores.gov.pt\/wp-content\/uploads\/2022\/03\/tear_face-18x12.jpg 18w\" sizes=\"auto, (max-width: 580px) 100vw, 580px\" \/><\/a>\n\t\t\t<\/div><\/figure>\n\t\t<\/div>","excerpt":"","slug":"1a-campanha-do-patrimonio-do-corvo","image":{"url":"https:\/\/ecomuseu-corvo.cultura.azores.gov.pt\/wp-content\/uploads\/2022\/03\/Expedicao-arqueologica-no-Corvo-face.jpg","id":769,"extension":"jpg","width":424,"height":600,"sizes":{"medium":{"width":212,"height":300,"mime-type":"image\/jpeg","url":"https:\/\/ecomuseu-corvo.cultura.azores.gov.pt\/wp-content\/uploads\/2022\/03\/Expedicao-arqueologica-no-Corvo-face-212x300.jpg"},"thumbnail":{"width":150,"height":150,"mime-type":"image\/jpeg","url":"https:\/\/ecomuseu-corvo.cultura.azores.gov.pt\/wp-content\/uploads\/2022\/03\/Expedicao-arqueologica-no-Corvo-face-150x150.jpg"},"trp-custom-language-flag":{"width":8,"height":12,"mime-type":"image\/jpeg","url":"https:\/\/ecomuseu-corvo.cultura.azores.gov.pt\/wp-content\/uploads\/2022\/03\/Expedicao-arqueologica-no-Corvo-face-8x12.jpg"}}},"all_day":false,"start_date":"2022-03-10 08:00:00","start_date_details":{"year":"2022","month":"03","day":"10","hour":"08","minutes":"00","seconds":"00"},"end_date":"2022-03-10 17:00:00","end_date_details":{"year":"2022","month":"03","day":"10","hour":"17","minutes":"00","seconds":"00"},"utc_start_date":"2022-03-10 09:00:00","utc_start_date_details":{"year":"2022","month":"03","day":"10","hour":"09","minutes":"00","seconds":"00"},"utc_end_date":"2022-03-10 18:00:00","utc_end_date_details":{"year":"2022","month":"03","day":"10","hour":"18","minutes":"00","seconds":"00"},"timezone":"Atlantic\/Azores","timezone_abbr":"HMT","cost":"","cost_details":{"currency_symbol":"","currency_code":"","currency_position":"prefix","values":[]},"website":"","show_map":true,"show_map_link":true,"hide_from_listings":false,"sticky":false,"featured":false,"categories":[{"name":"Patrim\u00f3nio","slug":"patrimonio","term_group":0,"term_taxonomy_id":33,"taxonomy":"tribe_events_cat","description":"","parent":0,"count":27,"filter":"raw","id":33,"urls":{"self":"https:\/\/ecomuseu-corvo.cultura.azores.gov.pt\/en\/wp-json\/tribe\/events\/v1\/categories\/33","collection":"https:\/\/ecomuseu-corvo.cultura.azores.gov.pt\/en\/wp-json\/tribe\/events\/v1\/categories"}}],"tags":[],"venue":[],"organizer":[],"custom_fields":[],"json_ld":{"@context":"http:\/\/schema.org","@type":"Event","name":"1\u00aa Campanha do Patrim\u00f3nio do Corvo","description":"&lt;p&gt;O Ecomuseu do Corvo, atrav\u00e9s do Centro do Patrim\u00f3nio M\u00f3vel, Imaterial e Arqueol\u00f3gico dos A\u00e7ores e da Dire\u00e7\u00e3o Regional da Cultura est\u00e1 a promover, entre os dias 13 a 25 [&hellip;]&lt;\/p&gt;\\n","image":"https:\/\/ecomuseu-corvo.cultura.azores.gov.pt\/wp-content\/uploads\/2022\/03\/Expedicao-arqueologica-no-Corvo-face.jpg","url":"https:\/\/ecomuseu-corvo.cultura.azores.gov.pt\/en\/evento\/1a-campanha-do-patrimonio-do-corvo\/","eventAttendanceMode":"https:\/\/schema.org\/OfflineEventAttendanceMode","eventStatus":"https:\/\/schema.org\/EventScheduled","startDate":"2022-03-10T08:00:00-01:00","endDate":"2022-03-10T17:00:00-01:00","performer":"Organization"}}