{"id":4286,"global_id":"ecomuseu-corvo.cultura.azores.gov.pt\/en?id=4286","global_id_lineage":["ecomuseu-corvo.cultura.azores.gov.pt\/en?id=4286"],"author":"12","status":"publish","date":"2025-03-31 10:30:53","date_utc":"2025-03-31 10:30:53","modified":"2025-04-04 15:57:22","modified_utc":"2025-04-04 15:57:22","url":"https:\/\/ecomuseu-corvo.cultura.azores.gov.pt\/en\/evento\/espetaculo-para-a-infancia-era-uma-vez-uma-ilha\/","rest_url":"https:\/\/ecomuseu-corvo.cultura.azores.gov.pt\/en\/wp-json\/tribe\/events\/v1\/events\/4286","title":"Espet\u00e1culo para a inf\u00e2ncia &#8211; &#8220;Era uma vez&#8230;uma ilha&#8221;","description":"<p><span style=\"font-family: 'Inter var', -apple-system, BlinkMacSystemFont, 'Helvetica Neue', Helvetica, sans-serif; letter-spacing: -0.015em;\">No pr\u00f3ximo dia 3 de abril dar-se-\u00e1, no Pavilh\u00e3o Multiusos do Corvo, uma sess\u00e3o de teatro infantil, com a apresenta\u00e7\u00e3o da pe\u00e7a &#8220;Era uma vez&#8230; uma ilha&#8221;, adapta\u00e7\u00e3o da obra infantil &#8220;A Ilha&#8221; de Jo\u00e3o Gomes de Abreu, por parte dos GeoKids.<\/span><\/p>\n<div class=\"x11i5rnm xat24cr x1mh8g0r x1vvkbs xtlvy1s x126k92a\">\n<div dir=\"auto\">Este espet\u00e1culo conta a hist\u00f3ria de uma continental e uma ilh\u00e9u que se juntam para apresentar ao p\u00fablico o que \u00e9 viver numa ilha e o que \u00e9 sair &#8220;dela&#8221;.<\/div>\n<div dir=\"auto\">A quest\u00e3o, &#8220;o que sobrar\u00e1 no fim?&#8221;, faz-nos refletir sobre a condi\u00e7\u00e3o do ser humano enquanto habitante do Planeta Terra, dos recursos naturais que nos rodeiam e da nossa identidade.<\/div>\n<div dir=\"auto\">O que somos, e quem somos? O que queremos alcan\u00e7ar com a constru\u00e7\u00e3o da ponte e para onde nos leva de facto?<\/div>\n<\/div>\n<div class=\"x11i5rnm xat24cr x1mh8g0r x1vvkbs xtlvy1s x126k92a\">\n<div dir=\"auto\">A sess\u00e3o tem in\u00edcio \u00e0s 9h30.<\/div>\n<div dir=\"auto\"><\/div>\n<\/div>\n<div class=\"x11i5rnm xat24cr x1mh8g0r x1vvkbs xtlvy1s x126k92a\">\n<div dir=\"auto\">Contamos com a tua presen\u00e7a!<\/div>\n<\/div>\n<div class=\"xdj266r x11i5rnm xat24cr x1mh8g0r x1vvkbs x126k92a\"><\/div>\n<div class=\"x11i5rnm xat24cr x1mh8g0r x1vvkbs xtlvy1s x126k92a\"><\/div>\n<div class=\"x11i5rnm xat24cr x1mh8g0r x1vvkbs xtlvy1s x126k92a\">\n<div dir=\"auto\"><\/div>\n<\/div>","excerpt":"","slug":"espetaculo-para-a-infancia-era-uma-vez-uma-ilha","image":{"url":"https:\/\/ecomuseu-corvo.cultura.azores.gov.pt\/wp-content\/uploads\/2025\/03\/cartaz-scaled-e1743416716659.jpg","id":4287,"extension":"jpg","width":2048,"height":1365,"filesize":287090,"sizes":{"medium":{"width":300,"height":200,"mime-type":"image\/jpeg","filesize":20208,"url":"https:\/\/ecomuseu-corvo.cultura.azores.gov.pt\/wp-content\/uploads\/2025\/03\/cartaz-scaled-e1743416716659-300x200.jpg"},"large":{"width":1024,"height":683,"mime-type":"image\/jpeg","filesize":101876,"url":"https:\/\/ecomuseu-corvo.cultura.azores.gov.pt\/wp-content\/uploads\/2025\/03\/cartaz-scaled-e1743416716659-1024x683.jpg"},"thumbnail":{"width":150,"height":150,"mime-type":"image\/jpeg","filesize":12212,"url":"https:\/\/ecomuseu-corvo.cultura.azores.gov.pt\/wp-content\/uploads\/2025\/03\/cartaz-scaled-e1743416716659-150x150.jpg"},"medium_large":{"width":768,"height":512,"mime-type":"image\/jpeg","filesize":68930,"url":"https:\/\/ecomuseu-corvo.cultura.azores.gov.pt\/wp-content\/uploads\/2025\/03\/cartaz-scaled-e1743416716659-768x512.jpg"},"1536x1536":{"width":1536,"height":1024,"mime-type":"image\/jpeg","filesize":178683,"url":"https:\/\/ecomuseu-corvo.cultura.azores.gov.pt\/wp-content\/uploads\/2025\/03\/cartaz-scaled-e1743416716659-1536x1024.jpg"},"2048x2048":{"width":1638,"height":2048,"mime-type":"image\/jpeg","filesize":311334,"url":"https:\/\/ecomuseu-corvo.cultura.azores.gov.pt\/wp-content\/uploads\/2025\/03\/cartaz-1638x2048.jpg"},"trp-custom-language-flag":{"width":18,"height":12,"mime-type":"image\/jpeg","filesize":4376,"url":"https:\/\/ecomuseu-corvo.cultura.azores.gov.pt\/wp-content\/uploads\/2025\/03\/cartaz-scaled-e1743416716659-18x12.jpg"},"post-thumbnail":{"width":1200,"height":800,"mime-type":"image\/jpeg","filesize":126727,"url":"https:\/\/ecomuseu-corvo.cultura.azores.gov.pt\/wp-content\/uploads\/2025\/03\/cartaz-scaled-e1743416716659-1200x800.jpg"},"twentytwenty-fullscreen":{"width":1980,"height":1320,"mime-type":"image\/jpeg","filesize":257236,"url":"https:\/\/ecomuseu-corvo.cultura.azores.gov.pt\/wp-content\/uploads\/2025\/03\/cartaz-scaled-e1743416716659-1980x1320.jpg"}},"original_image":"cartaz.jpg"},"all_day":false,"start_date":"2025-03-31 10:30:00","start_date_details":{"year":"2025","month":"03","day":"31","hour":"10","minutes":"30","seconds":"00"},"end_date":"2025-04-04 21:00:00","end_date_details":{"year":"2025","month":"04","day":"04","hour":"21","minutes":"00","seconds":"00"},"utc_start_date":"2025-03-31 10:30:00","utc_start_date_details":{"year":"2025","month":"03","day":"31","hour":"10","minutes":"30","seconds":"00"},"utc_end_date":"2025-04-04 21:00:00","utc_end_date_details":{"year":"2025","month":"04","day":"04","hour":"21","minutes":"00","seconds":"00"},"timezone":"Atlantic\/Azores","timezone_abbr":"HMT","cost":"","cost_details":{"currency_symbol":"$","currency_code":"USD","currency_position":"prefix","values":[]},"website":"","show_map":true,"show_map_link":true,"hide_from_listings":false,"sticky":true,"featured":false,"categories":[],"tags":[],"venue":[],"organizer":[],"custom_fields":[],"json_ld":{"@context":"http:\/\/schema.org","@type":"Event","name":"Espet\u00e1culo para a inf\u00e2ncia &#8211; &#8220;Era uma vez&#8230;uma ilha&#8221;","description":"&lt;p&gt;No pr\u00f3ximo dia 3 de abril dar-se-\u00e1, no Pavilh\u00e3o Multiusos do Corvo, uma sess\u00e3o de teatro infantil, com a apresenta\u00e7\u00e3o da pe\u00e7a &quot;Era uma vez... uma ilha&quot;, adapta\u00e7\u00e3o da obra [&hellip;]&lt;\/p&gt;\\n","image":"https:\/\/ecomuseu-corvo.cultura.azores.gov.pt\/wp-content\/uploads\/2025\/03\/cartaz-scaled-e1743416716659.jpg","url":"https:\/\/ecomuseu-corvo.cultura.azores.gov.pt\/en\/evento\/espetaculo-para-a-infancia-era-uma-vez-uma-ilha\/","eventAttendanceMode":"https:\/\/schema.org\/OfflineEventAttendanceMode","eventStatus":"https:\/\/schema.org\/EventScheduled","startDate":"2025-03-31T10:30:00+00:00","endDate":"2025-04-04T21:00:00+00:00","performer":"Organization"}}