{"id":2952,"global_id":"ecomuseu-corvo.cultura.azores.gov.pt\/en?id=2952","global_id_lineage":["ecomuseu-corvo.cultura.azores.gov.pt\/en?id=2952"],"author":"3","status":"publish","date":"2023-07-24 13:51:42","date_utc":"2023-07-24 13:51:42","modified":"2023-10-04 13:55:48","modified_utc":"2023-10-04 13:55:48","url":"https:\/\/ecomuseu-corvo.cultura.azores.gov.pt\/en\/evento\/falar-corvino-24-de-julho\/","rest_url":"https:\/\/ecomuseu-corvo.cultura.azores.gov.pt\/en\/wp-json\/tribe\/events\/v1\/events\/2952","title":"Falar Corvino &#8211; 24 de julho","description":"<p>Um in\u00edcio da semana sem o desafio &#8220;Falar Corvino&#8221; n\u00e3o \u00e9 o mesmo.<br \/>\nQuem tiver sugest\u00f5es por favor entre em contacto connosco.<br \/>\nObrigada a todos pela participa\u00e7\u00e3o e pelos contributos que nos t\u00eam enviado.<br \/>\nPara acompanharem o resultado dos vossos contributos deixamos o link do gloss\u00e1rio &#8220;Falar Corvino&#8221;: https:\/\/padlet.com\/ecomuseu\/5zdomsu4rcejijqy<br \/>\nVotos de uma boa semana para todos!<\/p>\n<p><img loading=\"lazy\" decoding=\"async\" class=\"alignnone size-medium wp-image-2954\" src=\"https:\/\/ecomuseu-corvo.cultura.azores.gov.pt\/wp-content\/uploads\/2023\/07\/26-1-300x300.png\" alt=\"\" width=\"300\" height=\"300\" \/><\/p>","excerpt":"","slug":"falar-corvino-24-de-julho","image":{"url":"https:\/\/ecomuseu-corvo.cultura.azores.gov.pt\/wp-content\/uploads\/2023\/02\/Imagem2.png","id":2353,"extension":"png","width":456,"height":252,"filesize":65821,"sizes":{"medium":{"width":300,"height":166,"mime-type":"image\/png","filesize":31071,"url":"https:\/\/ecomuseu-corvo.cultura.azores.gov.pt\/wp-content\/uploads\/2023\/02\/Imagem2-300x166.png"},"thumbnail":{"width":150,"height":150,"mime-type":"image\/png","filesize":18964,"url":"https:\/\/ecomuseu-corvo.cultura.azores.gov.pt\/wp-content\/uploads\/2023\/02\/Imagem2-150x150.png"},"trp-custom-language-flag":{"width":18,"height":10,"mime-type":"image\/png","filesize":675,"url":"https:\/\/ecomuseu-corvo.cultura.azores.gov.pt\/wp-content\/uploads\/2023\/02\/Imagem2-18x10.png"}}},"all_day":true,"start_date":"2023-07-24 00:00:00","start_date_details":{"year":"2023","month":"07","day":"24","hour":"00","minutes":"00","seconds":"00"},"end_date":"2023-07-30 23:59:59","end_date_details":{"year":"2023","month":"07","day":"30","hour":"23","minutes":"59","seconds":"59"},"utc_start_date":"2023-07-24 00:00:00","utc_start_date_details":{"year":"2023","month":"07","day":"24","hour":"00","minutes":"00","seconds":"00"},"utc_end_date":"2023-07-30 23:59:59","utc_end_date_details":{"year":"2023","month":"07","day":"30","hour":"23","minutes":"59","seconds":"59"},"timezone":"Atlantic\/Azores","timezone_abbr":"HMT","cost":"","cost_details":{"currency_symbol":"","currency_code":"","currency_position":"prefix","values":[]},"website":"","show_map":true,"show_map_link":true,"hide_from_listings":false,"sticky":false,"featured":false,"categories":[{"name":"Falar Corvino","slug":"falar-corvino","term_group":0,"term_taxonomy_id":37,"taxonomy":"tribe_events_cat","description":"","parent":0,"count":119,"filter":"raw","id":37,"urls":{"self":"https:\/\/ecomuseu-corvo.cultura.azores.gov.pt\/en\/wp-json\/tribe\/events\/v1\/categories\/37","collection":"https:\/\/ecomuseu-corvo.cultura.azores.gov.pt\/en\/wp-json\/tribe\/events\/v1\/categories"}}],"tags":[],"venue":{"id":643,"author":"3","status":"publish","date":"2022-03-08 14:38:48","date_utc":"2022-03-08 15:38:48","modified":"2022-03-08 14:38:50","modified_utc":"2022-03-08 15:38:50","url":"https:\/\/ecomuseu-corvo.cultura.azores.gov.pt\/en\/venue\/ecomuseu-do-corvo\/","venue":"Ecomuseu do Corvo","slug":"ecomuseu-do-corvo","json_ld":{"@type":"Place","name":"Ecomuseu do Corvo","description":"","url":"","address":{"@type":"PostalAddress"},"telephone":"","sameAs":""},"show_map":true,"show_map_link":true,"global_id":"ecomuseu-corvo.cultura.azores.gov.pt\/en?id=643","global_id_lineage":["ecomuseu-corvo.cultura.azores.gov.pt\/en?id=643"]},"organizer":[{"id":623,"author":"3","status":"publish","date":"2022-03-08 13:47:57","date_utc":"2022-03-08 14:47:57","modified":"2022-03-08 13:47:57","modified_utc":"2022-03-08 14:47:57","url":"https:\/\/ecomuseu-corvo.cultura.azores.gov.pt\/en\/organizer\/ecomuseu-do-corvo\/","organizer":"Ecomuseu do Corvo","slug":"ecomuseu-do-corvo","json_ld":{"@type":"Person","name":"Ecomuseu do Corvo","description":"","url":"","telephone":"","email":"","sameAs":""},"global_id":"ecomuseu-corvo.cultura.azores.gov.pt\/en?id=623","global_id_lineage":["ecomuseu-corvo.cultura.azores.gov.pt\/en?id=623"]}],"custom_fields":[],"json_ld":{"@context":"http:\/\/schema.org","@type":"Event","name":"Falar Corvino &#8211; 24 de julho","description":"&lt;p&gt;Um in\u00edcio da semana sem o desafio &quot;Falar Corvino&quot; n\u00e3o \u00e9 o mesmo. Quem tiver sugest\u00f5es por favor entre em contacto connosco. Obrigada a todos pela participa\u00e7\u00e3o e pelos contributos [&hellip;]&lt;\/p&gt;\\n","image":"https:\/\/ecomuseu-corvo.cultura.azores.gov.pt\/wp-content\/uploads\/2023\/02\/Imagem2.png","url":"https:\/\/ecomuseu-corvo.cultura.azores.gov.pt\/en\/evento\/falar-corvino-24-de-julho\/","eventAttendanceMode":"https:\/\/schema.org\/OfflineEventAttendanceMode","eventStatus":"https:\/\/schema.org\/EventScheduled","startDate":"2023-07-24T00:00:00+00:00","endDate":"2023-07-30T23:59:59+00:00","location":{"@type":"Place","name":"Ecomuseu do Corvo","description":"","url":"","address":{"@type":"PostalAddress"},"telephone":"","sameAs":""},"organizer":{"@type":"Person","name":"Ecomuseu do Corvo","description":"","url":"","telephone":"","email":"","sameAs":""},"performer":"Organization"}}