{"id":2390,"global_id":"ecomuseu-corvo.cultura.azores.gov.pt\/en?id=2390","global_id_lineage":["ecomuseu-corvo.cultura.azores.gov.pt\/en?id=2390"],"author":"3","status":"publish","date":"2023-02-27 14:04:02","date_utc":"2023-02-27 15:04:02","modified":"2023-03-07 14:05:33","modified_utc":"2023-03-07 15:05:33","url":"https:\/\/ecomuseu-corvo.cultura.azores.gov.pt\/en\/evento\/falar-corvino-27-de-fevereiro\/","rest_url":"https:\/\/ecomuseu-corvo.cultura.azores.gov.pt\/en\/wp-json\/tribe\/events\/v1\/events\/2390","title":"Falar Corvino &#8211; 27 de fevereiro","description":"<div class=\"x11i5rnm xat24cr x1mh8g0r x1vvkbs xdj266r x126k92a\">\n<div dir=\"auto\">O que acham deste &#8220;Falar Corvino&#8221;?<\/div>\n<\/div>\n<div class=\"x11i5rnm xat24cr x1mh8g0r x1vvkbs xtlvy1s x126k92a\">\n<div dir=\"auto\">Quem tiver sugest\u00f5es por favor entre em contacto connosco.<\/div>\n<div dir=\"auto\">Obrigada a todos pela participa\u00e7\u00e3o e pelos contributos que nos t\u00eam enviado.<\/div>\n<div dir=\"auto\">Para acompanharem o resultado dos vossos contributos deixamos o link do gloss\u00e1rio &#8220;Falar Corvino&#8221;: <a class=\"x1i10hfl xjbqb8w x6umtig x1b1mbwd xaqea5y xav7gou x9f619 x1ypdohk xt0psk2 xe8uvvx xdj266r x11i5rnm xat24cr x1mh8g0r xexx8yu x4uap5 x18d9i69 xkhd6sd x16tdsg8 x1hl2dhg xggy1nq x1a2a7pz xt0b8zv x1fey0fg\" tabindex=\"0\" role=\"link\" href=\"https:\/\/padlet.com\/ecomuseu\/5zdomsu4rcejijqy?fbclid=IwAR2J2pvuU5fLXHnUcLyGDgeLlu1QIBxd7GDjDMnjmxxAVVeIBe41iUgoXKM\" target=\"_blank\" rel=\"nofollow noopener\">https:\/\/padlet.com\/ecomuseu\/5zdomsu4rcejijqy<\/a><\/div>\n<div dir=\"auto\">Votos de uma boa semana para todos!<\/div>\n<\/div>\n<div dir=\"auto\"><\/div>\n<div dir=\"auto\"><img loading=\"lazy\" decoding=\"async\" class=\"alignnone size-medium wp-image-2391\" src=\"https:\/\/ecomuseu-corvo.cultura.azores.gov.pt\/wp-content\/uploads\/2023\/03\/9-300x300.png\" alt=\"\" width=\"300\" height=\"300\" srcset=\"https:\/\/ecomuseu-corvo.cultura.azores.gov.pt\/wp-content\/uploads\/2023\/03\/9-300x300.png 300w, https:\/\/ecomuseu-corvo.cultura.azores.gov.pt\/wp-content\/uploads\/2023\/03\/9-150x150.png 150w, https:\/\/ecomuseu-corvo.cultura.azores.gov.pt\/wp-content\/uploads\/2023\/03\/9-768x768.png 768w, https:\/\/ecomuseu-corvo.cultura.azores.gov.pt\/wp-content\/uploads\/2023\/03\/9-12x12.png 12w, https:\/\/ecomuseu-corvo.cultura.azores.gov.pt\/wp-content\/uploads\/2023\/03\/9.png 800w\" sizes=\"auto, (max-width: 300px) 100vw, 300px\" \/><\/div>","excerpt":"","slug":"falar-corvino-27-de-fevereiro","image":{"url":"https:\/\/ecomuseu-corvo.cultura.azores.gov.pt\/wp-content\/uploads\/2023\/02\/Imagem2.png","id":2353,"extension":"png","width":456,"height":252,"filesize":65821,"sizes":{"medium":{"width":300,"height":166,"mime-type":"image\/png","filesize":31071,"url":"https:\/\/ecomuseu-corvo.cultura.azores.gov.pt\/wp-content\/uploads\/2023\/02\/Imagem2-300x166.png"},"thumbnail":{"width":150,"height":150,"mime-type":"image\/png","filesize":18964,"url":"https:\/\/ecomuseu-corvo.cultura.azores.gov.pt\/wp-content\/uploads\/2023\/02\/Imagem2-150x150.png"},"trp-custom-language-flag":{"width":18,"height":10,"mime-type":"image\/png","filesize":675,"url":"https:\/\/ecomuseu-corvo.cultura.azores.gov.pt\/wp-content\/uploads\/2023\/02\/Imagem2-18x10.png"}}},"all_day":true,"start_date":"2023-02-27 00:00:00","start_date_details":{"year":"2023","month":"02","day":"27","hour":"00","minutes":"00","seconds":"00"},"end_date":"2023-03-06 23:59:59","end_date_details":{"year":"2023","month":"03","day":"06","hour":"23","minutes":"59","seconds":"59"},"utc_start_date":"2023-02-27 01:00:00","utc_start_date_details":{"year":"2023","month":"02","day":"27","hour":"01","minutes":"00","seconds":"00"},"utc_end_date":"2023-03-07 00:59:59","utc_end_date_details":{"year":"2023","month":"03","day":"07","hour":"00","minutes":"59","seconds":"59"},"timezone":"Atlantic\/Azores","timezone_abbr":"HMT","cost":"","cost_details":{"currency_symbol":"","currency_code":"","currency_position":"prefix","values":[]},"website":"","show_map":true,"show_map_link":true,"hide_from_listings":false,"sticky":false,"featured":false,"categories":[{"name":"Falar Corvino","slug":"falar-corvino","term_group":0,"term_taxonomy_id":37,"taxonomy":"tribe_events_cat","description":"","parent":0,"count":119,"filter":"raw","id":37,"urls":{"self":"https:\/\/ecomuseu-corvo.cultura.azores.gov.pt\/en\/wp-json\/tribe\/events\/v1\/categories\/37","collection":"https:\/\/ecomuseu-corvo.cultura.azores.gov.pt\/en\/wp-json\/tribe\/events\/v1\/categories"}}],"tags":[],"venue":{"id":643,"author":"3","status":"publish","date":"2022-03-08 14:38:48","date_utc":"2022-03-08 15:38:48","modified":"2022-03-08 14:38:50","modified_utc":"2022-03-08 15:38:50","url":"https:\/\/ecomuseu-corvo.cultura.azores.gov.pt\/en\/venue\/ecomuseu-do-corvo\/","venue":"Ecomuseu do Corvo","slug":"ecomuseu-do-corvo","json_ld":{"@type":"Place","name":"Ecomuseu do Corvo","description":"","url":"","address":{"@type":"PostalAddress"},"telephone":"","sameAs":""},"show_map":true,"show_map_link":true,"global_id":"ecomuseu-corvo.cultura.azores.gov.pt\/en?id=643","global_id_lineage":["ecomuseu-corvo.cultura.azores.gov.pt\/en?id=643"]},"organizer":[{"id":623,"author":"3","status":"publish","date":"2022-03-08 13:47:57","date_utc":"2022-03-08 14:47:57","modified":"2022-03-08 13:47:57","modified_utc":"2022-03-08 14:47:57","url":"https:\/\/ecomuseu-corvo.cultura.azores.gov.pt\/en\/organizer\/ecomuseu-do-corvo\/","organizer":"Ecomuseu do Corvo","slug":"ecomuseu-do-corvo","json_ld":{"@type":"Person","name":"Ecomuseu do Corvo","description":"","url":"","telephone":"","email":"","sameAs":""},"global_id":"ecomuseu-corvo.cultura.azores.gov.pt\/en?id=623","global_id_lineage":["ecomuseu-corvo.cultura.azores.gov.pt\/en?id=623"]}],"custom_fields":[],"json_ld":{"@context":"http:\/\/schema.org","@type":"Event","name":"Falar Corvino &#8211; 27 de fevereiro","description":"&lt;p&gt;O que acham deste &quot;Falar Corvino&quot;? Quem tiver sugest\u00f5es por favor entre em contacto connosco. Obrigada a todos pela participa\u00e7\u00e3o e pelos contributos que nos t\u00eam enviado. Para acompanharem o [&hellip;]&lt;\/p&gt;\\n","image":"https:\/\/ecomuseu-corvo.cultura.azores.gov.pt\/wp-content\/uploads\/2023\/02\/Imagem2.png","url":"https:\/\/ecomuseu-corvo.cultura.azores.gov.pt\/en\/evento\/falar-corvino-27-de-fevereiro\/","eventAttendanceMode":"https:\/\/schema.org\/OfflineEventAttendanceMode","eventStatus":"https:\/\/schema.org\/EventScheduled","startDate":"2023-02-27T00:00:00-01:00","endDate":"2023-03-06T23:59:59-01:00","location":{"@type":"Place","name":"Ecomuseu do Corvo","description":"","url":"","address":{"@type":"PostalAddress"},"telephone":"","sameAs":""},"organizer":{"@type":"Person","name":"Ecomuseu do Corvo","description":"","url":"","telephone":"","email":"","sameAs":""},"performer":"Organization"}}