{"id":2251,"global_id":"ecomuseu-corvo.cultura.azores.gov.pt\/en?id=2251","global_id_lineage":["ecomuseu-corvo.cultura.azores.gov.pt\/en?id=2251"],"author":"3","status":"publish","date":"2022-11-21 20:00:30","date_utc":"2022-11-21 21:00:30","modified":"2022-11-29 15:03:08","modified_utc":"2022-11-29 16:03:08","url":"https:\/\/ecomuseu-corvo.cultura.azores.gov.pt\/en\/evento\/falar-corvino-21-de-novembro\/","rest_url":"https:\/\/ecomuseu-corvo.cultura.azores.gov.pt\/en\/wp-json\/tribe\/events\/v1\/events\/2251","title":"Falar Corvino &#8211; 21 de novembro","description":"<p>E o desafio prossegue&#8230;<\/p>\n<p>Quem tiver sugest\u00f5es por favor entre em contacto connosco.<br \/>\nObrigada a todos pela participa\u00e7\u00e3o e pelos contributos que nos t\u00eam enviado.<br \/>\nPara acompanharem o resultado dos vossos contributos deixamos o link do gloss\u00e1rio &#8220;Falar Corvino&#8221;: https:\/\/padlet.com\/ecomuseu\/5zdomsu4rcejijqy<br \/>\nUma boa semana para todos!<\/p>\n<p><img loading=\"lazy\" decoding=\"async\" class=\"alignnone size-medium wp-image-2252\" src=\"https:\/\/ecomuseu-corvo.cultura.azores.gov.pt\/wp-content\/uploads\/2022\/10\/41-300x300.png\" alt=\"\" width=\"300\" height=\"300\" srcset=\"https:\/\/ecomuseu-corvo.cultura.azores.gov.pt\/wp-content\/uploads\/2022\/10\/41-300x300.png 300w, https:\/\/ecomuseu-corvo.cultura.azores.gov.pt\/wp-content\/uploads\/2022\/10\/41-150x150.png 150w, https:\/\/ecomuseu-corvo.cultura.azores.gov.pt\/wp-content\/uploads\/2022\/10\/41-768x768.png 768w, https:\/\/ecomuseu-corvo.cultura.azores.gov.pt\/wp-content\/uploads\/2022\/10\/41-12x12.png 12w, https:\/\/ecomuseu-corvo.cultura.azores.gov.pt\/wp-content\/uploads\/2022\/10\/41.png 800w\" sizes=\"auto, (max-width: 300px) 100vw, 300px\" \/><\/p>","excerpt":"","slug":"falar-corvino-21-de-novembro","image":{"url":"https:\/\/ecomuseu-corvo.cultura.azores.gov.pt\/wp-content\/uploads\/2022\/09\/falar-corvino-1-1.png","id":1939,"extension":"png","width":600,"height":338,"filesize":86194,"sizes":{"medium":{"width":300,"height":169,"mime-type":"image\/png","filesize":30076,"url":"https:\/\/ecomuseu-corvo.cultura.azores.gov.pt\/wp-content\/uploads\/2022\/09\/falar-corvino-1-1-300x169.png"},"thumbnail":{"width":150,"height":150,"mime-type":"image\/png","filesize":17927,"url":"https:\/\/ecomuseu-corvo.cultura.azores.gov.pt\/wp-content\/uploads\/2022\/09\/falar-corvino-1-1-150x150.png"},"trp-custom-language-flag":{"width":18,"height":10,"mime-type":"image\/png","filesize":666,"url":"https:\/\/ecomuseu-corvo.cultura.azores.gov.pt\/wp-content\/uploads\/2022\/09\/falar-corvino-1-1-18x10.png"}}},"all_day":false,"start_date":"2022-11-21 08:00:00","start_date_details":{"year":"2022","month":"11","day":"21","hour":"08","minutes":"00","seconds":"00"},"end_date":"2022-11-27 17:00:00","end_date_details":{"year":"2022","month":"11","day":"27","hour":"17","minutes":"00","seconds":"00"},"utc_start_date":"2022-11-21 09:00:00","utc_start_date_details":{"year":"2022","month":"11","day":"21","hour":"09","minutes":"00","seconds":"00"},"utc_end_date":"2022-11-27 18:00:00","utc_end_date_details":{"year":"2022","month":"11","day":"27","hour":"18","minutes":"00","seconds":"00"},"timezone":"Atlantic\/Azores","timezone_abbr":"HMT","cost":"","cost_details":{"currency_symbol":"","currency_code":"","currency_position":"prefix","values":[]},"website":"","show_map":true,"show_map_link":true,"hide_from_listings":false,"sticky":false,"featured":false,"categories":[{"name":"Falar Corvino","slug":"falar-corvino","term_group":0,"term_taxonomy_id":37,"taxonomy":"tribe_events_cat","description":"","parent":0,"count":119,"filter":"raw","id":37,"urls":{"self":"https:\/\/ecomuseu-corvo.cultura.azores.gov.pt\/en\/wp-json\/tribe\/events\/v1\/categories\/37","collection":"https:\/\/ecomuseu-corvo.cultura.azores.gov.pt\/en\/wp-json\/tribe\/events\/v1\/categories"}}],"tags":[],"venue":{"id":643,"author":"3","status":"publish","date":"2022-03-08 14:38:48","date_utc":"2022-03-08 15:38:48","modified":"2022-03-08 14:38:50","modified_utc":"2022-03-08 15:38:50","url":"https:\/\/ecomuseu-corvo.cultura.azores.gov.pt\/en\/venue\/ecomuseu-do-corvo\/","venue":"Ecomuseu do Corvo","slug":"ecomuseu-do-corvo","json_ld":{"@type":"Place","name":"Ecomuseu do Corvo","description":"","url":"","address":{"@type":"PostalAddress"},"telephone":"","sameAs":""},"show_map":true,"show_map_link":true,"global_id":"ecomuseu-corvo.cultura.azores.gov.pt\/en?id=643","global_id_lineage":["ecomuseu-corvo.cultura.azores.gov.pt\/en?id=643"]},"organizer":[{"id":623,"author":"3","status":"publish","date":"2022-03-08 13:47:57","date_utc":"2022-03-08 14:47:57","modified":"2022-03-08 13:47:57","modified_utc":"2022-03-08 14:47:57","url":"https:\/\/ecomuseu-corvo.cultura.azores.gov.pt\/en\/organizer\/ecomuseu-do-corvo\/","organizer":"Ecomuseu do Corvo","slug":"ecomuseu-do-corvo","json_ld":{"@type":"Person","name":"Ecomuseu do Corvo","description":"","url":"","telephone":"","email":"","sameAs":""},"global_id":"ecomuseu-corvo.cultura.azores.gov.pt\/en?id=623","global_id_lineage":["ecomuseu-corvo.cultura.azores.gov.pt\/en?id=623"]}],"custom_fields":[],"json_ld":{"@context":"http:\/\/schema.org","@type":"Event","name":"Falar Corvino &#8211; 21 de novembro","description":"&lt;p&gt;E o desafio prossegue... Quem tiver sugest\u00f5es por favor entre em contacto connosco. Obrigada a todos pela participa\u00e7\u00e3o e pelos contributos que nos t\u00eam enviado. Para acompanharem o resultado dos [&hellip;]&lt;\/p&gt;\\n","image":"https:\/\/ecomuseu-corvo.cultura.azores.gov.pt\/wp-content\/uploads\/2022\/09\/falar-corvino-1-1.png","url":"https:\/\/ecomuseu-corvo.cultura.azores.gov.pt\/en\/evento\/falar-corvino-21-de-novembro\/","eventAttendanceMode":"https:\/\/schema.org\/OfflineEventAttendanceMode","eventStatus":"https:\/\/schema.org\/EventScheduled","startDate":"2022-11-21T08:00:00-01:00","endDate":"2022-11-27T17:00:00-01:00","location":{"@type":"Place","name":"Ecomuseu do Corvo","description":"","url":"","address":{"@type":"PostalAddress"},"telephone":"","sameAs":""},"organizer":{"@type":"Person","name":"Ecomuseu do Corvo","description":"","url":"","telephone":"","email":"","sameAs":""},"performer":"Organization"}}