{"id":1615,"global_id":"ecomuseu-corvo.cultura.azores.gov.pt\/en?id=1615","global_id_lineage":["ecomuseu-corvo.cultura.azores.gov.pt\/en?id=1615"],"author":"3","status":"publish","date":"2022-05-20 11:31:18","date_utc":"2022-05-20 11:31:18","modified":"2022-06-28 11:38:24","modified_utc":"2022-06-28 11:38:24","url":"https:\/\/ecomuseu-corvo.cultura.azores.gov.pt\/en\/evento\/concerto-cuca-roseta\/","rest_url":"https:\/\/ecomuseu-corvo.cultura.azores.gov.pt\/en\/wp-json\/tribe\/events\/v1\/events\/1615","title":"Concerto Cuca Roseta","description":"<p>O projeto \u201cA\u00e7ores no Cora\u00e7\u00e3o\u201d leva a Cuca Roseta a cantar nas 9 ilhas dos A\u00e7ores, durante os meses de maio e junho de 2022, juntando o Fado \u00e0 cultura local, cruzando a sua arte com artistas e com as mais reconhecidas tradi\u00e7\u00f5es de cada ilha.<br \/>\n\u201cA\u00e7ores no Cora\u00e7\u00e3o\u201d \u00e9 uma tourn\u00e9e solid\u00e1ria, em que a receita de bilheteira reverter\u00e1 para uma institui\u00e7\u00e3o local.<br \/>\nO concerto realizar-se-\u00e1 na Ilha do Corvo no Pavilh\u00e3o Multiusos, no dia 02 de junho, pelas 21h00.<br \/>\nA tour tem como main sponsor a A\u00c7OREANA e conta com o apoio do Governo Regional dos A\u00e7ores, da Dire\u00e7\u00e3o Regional dos Assuntos Culturais e com o apoio log\u00edstico do Ecomuseu do Corvo.<\/p>\n<p>Os bilhetes podem ser adquiridos antecipadamente na Casa do Tempo ou no Gabinete de Apoio T\u00e9cnico do Ecomuseu do Corvo.<\/p>","excerpt":"","slug":"concerto-cuca-roseta","image":{"url":"https:\/\/ecomuseu-corvo.cultura.azores.gov.pt\/wp-content\/uploads\/2022\/06\/282516558_381154324062227_4461547455892839178_n-1.jpg","id":1617,"extension":"jpg","width":425,"height":599,"filesize":69475,"sizes":{"medium":{"width":213,"height":300,"mime-type":"image\/jpeg","filesize":14980,"url":"https:\/\/ecomuseu-corvo.cultura.azores.gov.pt\/wp-content\/uploads\/2022\/06\/282516558_381154324062227_4461547455892839178_n-1-213x300.jpg"},"thumbnail":{"width":150,"height":150,"mime-type":"image\/jpeg","filesize":6678,"url":"https:\/\/ecomuseu-corvo.cultura.azores.gov.pt\/wp-content\/uploads\/2022\/06\/282516558_381154324062227_4461547455892839178_n-1-150x150.jpg"},"trp-custom-language-flag":{"width":9,"height":12,"mime-type":"image\/jpeg","filesize":859,"url":"https:\/\/ecomuseu-corvo.cultura.azores.gov.pt\/wp-content\/uploads\/2022\/06\/282516558_381154324062227_4461547455892839178_n-1-9x12.jpg"}}},"all_day":false,"start_date":"2022-06-02 21:00:00","start_date_details":{"year":"2022","month":"06","day":"02","hour":"21","minutes":"00","seconds":"00"},"end_date":"2022-06-02 23:00:00","end_date_details":{"year":"2022","month":"06","day":"02","hour":"23","minutes":"00","seconds":"00"},"utc_start_date":"2022-06-02 21:00:00","utc_start_date_details":{"year":"2022","month":"06","day":"02","hour":"21","minutes":"00","seconds":"00"},"utc_end_date":"2022-06-02 23:00:00","utc_end_date_details":{"year":"2022","month":"06","day":"02","hour":"23","minutes":"00","seconds":"00"},"timezone":"Atlantic\/Azores","timezone_abbr":"HMT","cost":"\u20ac6","cost_details":{"currency_symbol":"\u20ac","currency_code":"","currency_position":"prefix","values":["6"]},"website":"","show_map":true,"show_map_link":true,"hide_from_listings":false,"sticky":false,"featured":false,"categories":[{"name":"Concerto","slug":"concerto","term_group":0,"term_taxonomy_id":47,"taxonomy":"tribe_events_cat","description":"","parent":0,"count":5,"filter":"raw","id":47,"urls":{"self":"https:\/\/ecomuseu-corvo.cultura.azores.gov.pt\/en\/wp-json\/tribe\/events\/v1\/categories\/47","collection":"https:\/\/ecomuseu-corvo.cultura.azores.gov.pt\/en\/wp-json\/tribe\/events\/v1\/categories"}}],"tags":[],"venue":{"id":634,"author":"3","status":"publish","date":"2022-03-08 14:10:14","date_utc":"2022-03-08 15:10:14","modified":"2022-03-10 14:13:17","modified_utc":"2022-03-10 15:13:17","url":"https:\/\/ecomuseu-corvo.cultura.azores.gov.pt\/en\/venue\/pavilhao-multiusos\/","venue":"Espa\u00e7o Cultural Multiusos","slug":"pavilhao-multiusos","json_ld":{"@type":"Place","name":"Espa\u00e7o Cultural Multiusos","description":"","url":"","address":{"@type":"PostalAddress"},"telephone":"","sameAs":""},"show_map":true,"show_map_link":true,"global_id":"ecomuseu-corvo.cultura.azores.gov.pt\/en?id=634","global_id_lineage":["ecomuseu-corvo.cultura.azores.gov.pt\/en?id=634"]},"organizer":[{"id":623,"author":"3","status":"publish","date":"2022-03-08 13:47:57","date_utc":"2022-03-08 14:47:57","modified":"2022-03-08 13:47:57","modified_utc":"2022-03-08 14:47:57","url":"https:\/\/ecomuseu-corvo.cultura.azores.gov.pt\/en\/organizer\/ecomuseu-do-corvo\/","organizer":"Ecomuseu do Corvo","slug":"ecomuseu-do-corvo","json_ld":{"@type":"Person","name":"Ecomuseu do Corvo","description":"","url":"","telephone":"","email":"","sameAs":""},"global_id":"ecomuseu-corvo.cultura.azores.gov.pt\/en?id=623","global_id_lineage":["ecomuseu-corvo.cultura.azores.gov.pt\/en?id=623"]}],"custom_fields":[],"json_ld":{"@context":"http:\/\/schema.org","@type":"Event","name":"Concerto Cuca Roseta","description":"&lt;p&gt;O projeto \u201cA\u00e7ores no Cora\u00e7\u00e3o\u201d leva a Cuca Roseta a cantar nas 9 ilhas dos A\u00e7ores, durante os meses de maio e junho de 2022, juntando o Fado \u00e0 cultura [&hellip;]&lt;\/p&gt;\\n","image":"https:\/\/ecomuseu-corvo.cultura.azores.gov.pt\/wp-content\/uploads\/2022\/06\/282516558_381154324062227_4461547455892839178_n-1.jpg","url":"https:\/\/ecomuseu-corvo.cultura.azores.gov.pt\/en\/evento\/concerto-cuca-roseta\/","eventAttendanceMode":"https:\/\/schema.org\/OfflineEventAttendanceMode","eventStatus":"https:\/\/schema.org\/EventScheduled","startDate":"2022-06-02T21:00:00+00:00","endDate":"2022-06-02T23:00:00+00:00","location":{"@type":"Place","name":"Espa\u00e7o Cultural Multiusos","description":"","url":"","address":{"@type":"PostalAddress"},"telephone":"","sameAs":""},"organizer":{"@type":"Person","name":"Ecomuseu do Corvo","description":"","url":"","telephone":"","email":"","sameAs":""},"offers":{"@type":"Offer","price":"6","priceCurrency":"USD","url":"https:\/\/ecomuseu-corvo.cultura.azores.gov.pt\/en\/evento\/concerto-cuca-roseta\/","category":"primary","availability":"inStock","validFrom":"2022-05-20T00:00:00+00:00"},"performer":"Organization"}}